{"id":225205,"date":"2026-01-11T21:11:19","date_gmt":"2026-01-11T21:11:19","guid":{"rendered":"https:\/\/www.europesays.com\/pt\/225205\/"},"modified":"2026-01-11T21:11:19","modified_gmt":"2026-01-11T21:11:19","slug":"armadilha-escondida-em-trilho-de-btt-na-trofa-alarma-ciclistas","status":"publish","type":"post","link":"https:\/\/www.europesays.com\/pt\/225205\/","title":{"rendered":"armadilha escondida em trilho de BTT na Trofa alarma ciclistas"},"content":{"rendered":"<p>Um praticante de BTT alertou para a presen\u00e7a de uma armadilha colocada num caminho e trilho frequentemente utilizado por ciclistas, na zona do Monte Cabrito, no concelho da Trofa. A situa\u00e7\u00e3o foi descoberta durante uma pedalada e resultou em danos numa bicicleta, levantando s\u00e9rias preocupa\u00e7\u00f5es quanto \u00e0 seguran\u00e7a de pessoas e animais.<\/p>\n<p>Segundo o testemunho dos praticantes, a armadilha encontrava-se dissimulada no trilho, aparentando ter sido colocada com o objetivo de impedir a passagem de ciclistas. O alerta foi confirmado por outros dois praticantes, num total de tr\u00eas, que refor\u00e7aram o aviso para o perigo existente no local.<\/p>\n<p>Praticantes da modalidade afirmam que n\u00e3o se trata de um caso isolado. De forma recorrente, alguns propriet\u00e1rios de terrenos colocam obst\u00e1culos ou armadilhas nos trilhos para evitar a circula\u00e7\u00e3o de praticantes de BTT, uma pr\u00e1tica considerada perigosa e irrespons\u00e1vel.<\/p>\n<p>\u201c\u00c9 um cen\u00e1rio triste e desumano. Esta armadilha estava ali para ferir pessoas e animais\u201d, referiu um dos ciclistas que encontrou a situa\u00e7\u00e3o, apelando \u00e0 prud\u00eancia de quem utiliza aqueles caminhos.<\/p>\n<p>Os praticantes defendem uma interven\u00e7\u00e3o urgente das autoridades e alertam que a coloca\u00e7\u00e3o deste tipo de armadilhas pode provocar acidentes graves ou mesmo fatais. At\u00e9 l\u00e1, recomendam aten\u00e7\u00e3o redobrada a quem pedala na zona do Monte Cabrito, na Trofa, e a den\u00fancia imediata de situa\u00e7\u00f5es semelhantes.<\/p>\n","protected":false},"excerpt":{"rendered":"Um praticante de BTT alertou para a presen\u00e7a de uma armadilha colocada num caminho e trilho frequentemente utilizado&hellip;\n","protected":false},"author":2,"featured_media":225206,"comment_status":"","ping_status":"","sticky":false,"template":"","format":"standard","meta":{"footnotes":""},"categories":[8],"tags":[27,28,15,16,14,25,26,21,22,12,13,19,20,32,23,24,33,17,18,29,30,31],"class_list":{"0":"post-225205","1":"post","2":"type-post","3":"status-publish","4":"format-standard","5":"has-post-thumbnail","7":"category-principais-noticias","8":"tag-breaking-news","9":"tag-breakingnews","10":"tag-featured-news","11":"tag-featurednews","12":"tag-headlines","13":"tag-latest-news","14":"tag-latestnews","15":"tag-main-news","16":"tag-mainnews","17":"tag-news","18":"tag-noticias","19":"tag-noticias-principais","20":"tag-noticiasprincipais","21":"tag-portugal","22":"tag-principais-noticias","23":"tag-principaisnoticias","24":"tag-pt","25":"tag-top-stories","26":"tag-topstories","27":"tag-ultimas","28":"tag-ultimas-noticias","29":"tag-ultimasnoticias"},"share_on_mastodon":{"url":"https:\/\/pubeurope.com\/@pt\/115878526091372054","error":""},"_links":{"self":[{"href":"https:\/\/www.europesays.com\/pt\/wp-json\/wp\/v2\/posts\/225205","targetHints":{"allow":["GET"]}}],"collection":[{"href":"https:\/\/www.europesays.com\/pt\/wp-json\/wp\/v2\/posts"}],"about":[{"href":"https:\/\/www.europesays.com\/pt\/wp-json\/wp\/v2\/types\/post"}],"author":[{"embeddable":true,"href":"https:\/\/www.europesays.com\/pt\/wp-json\/wp\/v2\/users\/2"}],"replies":[{"embeddable":true,"href":"https:\/\/www.europesays.com\/pt\/wp-json\/wp\/v2\/comments?post=225205"}],"version-history":[{"count":0,"href":"https:\/\/www.europesays.com\/pt\/wp-json\/wp\/v2\/posts\/225205\/revisions"}],"wp:featuredmedia":[{"embeddable":true,"href":"https:\/\/www.europesays.com\/pt\/wp-json\/wp\/v2\/media\/225206"}],"wp:attachment":[{"href":"https:\/\/www.europesays.com\/pt\/wp-json\/wp\/v2\/media?parent=225205"}],"wp:term":[{"taxonomy":"category","embeddable":true,"href":"https:\/\/www.europesays.com\/pt\/wp-json\/wp\/v2\/categories?post=225205"},{"taxonomy":"post_tag","embeddable":true,"href":"https:\/\/www.europesays.com\/pt\/wp-json\/wp\/v2\/tags?post=225205"}],"curies":[{"name":"wp","href":"https:\/\/api.w.org\/{rel}","templated":true}]}}