{"id":225215,"date":"2026-01-11T21:23:09","date_gmt":"2026-01-11T21:23:09","guid":{"rendered":"https:\/\/www.europesays.com\/pt\/225215\/"},"modified":"2026-01-11T21:23:09","modified_gmt":"2026-01-11T21:23:09","slug":"cedeao-exige-uma-transicao-breve-na-guine-bissau-liderada-por-um-governo-inclusivo","status":"publish","type":"post","link":"https:\/\/www.europesays.com\/pt\/225215\/","title":{"rendered":"CEDEAO exige uma transi\u00e7\u00e3o breve na Guin\u00e9-Bissau liderada por um Governo inclusivo"},"content":{"rendered":"<p>            <img loading=\"lazy\" decoding=\"async\" width=\"696\" height=\"464\" class=\"entry-thumb\" src=\"https:\/\/www.europesays.com\/pt\/wp-content\/uploads\/2026\/01\/46202572-696x464.jpg\"   alt=\"\" title=\"46202572.jpg\"\/><\/p>\n<p><strong>Nairobi, 11 jan 2026 (Lusa) \u2013 O presidente em exerc\u00edcio da Comunidade Econ\u00f3mica dos Estados da \u00c1frica Ocidental (CEDEAO) exigiu hoje uma transi\u00e7\u00e3o r\u00e1pida, liderada por um Governo inclusivo, \u00e0 junta militar que governa a Guin\u00e9-Bissau desde o golpe de Estado de novembro.<\/strong><\/p>\n<p>\u201cAs nossas conversa\u00e7\u00f5es foram construtivas e reiterei o apelo (\u2026) para uma transi\u00e7\u00e3o breve, liderada por um Governo inclusivo, que reflita o espetro pol\u00edtico e a sociedade da Guin\u00e9-Bissau\u201d, afirmou Julius Maada Bio, Presidente da Serra Leoa e l\u00edder em exerc\u00edcio da CEDEAO, na sua conta na rede social X.<\/p>\n<p>O presidente da CEDEAO liderou durante o fim de semana uma miss\u00e3o de alto n\u00edvel na Guin\u00e9-Bissau para dialogar com o alto comando militar que tomou o poder e instaurou um \u201cGoverno de transi\u00e7\u00e3o\u201d at\u00e9 ao m\u00e9ximo de um ano, liderado pelo general Horta N\u2019ta, ex-chefe do Estado-Maior do Presidente deposto, Umaro Sissoco Embal\u00f3.<\/p>\n<p>Bio acrescentou que, durante o encontro, reiterou \u00e0 junta militar o que foi decidido pela organiza\u00e7\u00e3o durante a 68.\u00aa reuni\u00e3o em Abuja, capital da Nig\u00e9ria.<\/p>\n<p>Nesse comunicado, a organiza\u00e7\u00e3o rejeitou o \u201cprograma de transi\u00e7\u00e3o anunciado pelos l\u00edderes militares\u201d ap\u00f3s o golpe de Estado de 26 de novembro de 2025 e exigiu a liberta\u00e7\u00e3o imediata de todos os detidos pol\u00edticos, bem como \u201cuma transi\u00e7\u00e3o de curta dura\u00e7\u00e3o, liderada por um Governo inclusivo que reflita a diversidade pol\u00edtica e social do pa\u00eds\u201d.<\/p>\n<p>Al\u00e9m disso, advertiu que ser\u00e3o aplicadas san\u00e7\u00f5es seletivas a qualquer pessoa ou grupo que impe\u00e7a o retorno \u00e0 ordem constitucional.<\/p>\n<p>O principal ponto de diverg\u00eancia na reuni\u00e3o girou em torno da forma\u00e7\u00e3o de um Governo inclusivo liderado por civis, com dura\u00e7\u00e3o prevista de quatro meses, bem como da liberta\u00e7\u00e3o do l\u00edder da oposi\u00e7\u00e3o do Partido Africano para a Independ\u00eancia da Guin\u00e9 e Cabo Verde (PAIGC), Domingos Sim\u00f5es Pereira, informou o meio de comunica\u00e7\u00e3o local O Democrata.<\/p>\n<p>Ap\u00f3s o encontro, a delega\u00e7\u00e3o da CEDEAO visitou o candidato independente Fernando Dias da Costa e outras figuras pol\u00edticas, que se refugiaram na Embaixada da Nig\u00e9ria ap\u00f3s o golpe de Estado.<\/p>\n<p>Bio foi acompanhado pelo Presidente senegal\u00eas, Bassirou Diomaye Faye, e pelo presidente da Comiss\u00e3o da CEDEAO, Omar Alieu Touray, que chegaram \u00e0 Guin\u00e9-Bissau no s\u00e1bado.<\/p>\n<p>O general Horta N\u2019ta, ex-chefe do Estado-Maior de Umaro Sissoco Embal\u00f3, foi nomeado \u201cpresidente de transi\u00e7\u00e3o\u201d atrav\u00e9s de um golpe que ocorreu um dia antes do an\u00fancio dos resultados provis\u00f3rios das elei\u00e7\u00f5es presidenciais e legislativas de 23 de novembro.<\/p>\n<p>O golpe foi condenado pela CEDEAO, pelas Na\u00e7\u00f5es Unidas, pela Uni\u00e3o Europeia e pela Uni\u00e3o Africana, bem como pela Comunidade dos Pa\u00edses de L\u00edngua Portuguesa (CPLP), que exigem o restabelecimento imediato da ordem constitucional.<\/p>\n<p>A Guin\u00e9-Bissau \u00e9 considerada uma das na\u00e7\u00f5es mais inst\u00e1veis de \u00c1frica: desde a sua independ\u00eancia de Portugal, em 1974, j\u00e1 sofrera quatro golpes de Estado (1980, 1998\/99, 2003 e 2012).<\/p>\n<p>*** A delega\u00e7\u00e3o da ag\u00eancia Lusa na Guin\u00e9-Bissau est\u00e1 suspensa desde agosto ap\u00f3s a expuls\u00e3o pelo Governo dos representantes dos \u00f3rg\u00e3os de comunica\u00e7\u00e3o social portugueses. A cobertura est\u00e1 a ser assegurada \u00e0 dist\u00e2ncia ***<\/p>\n<p>RCS \/\/ JMC<\/p>\n<p>Lusa\/Fim<\/p>\n","protected":false},"excerpt":{"rendered":"Nairobi, 11 jan 2026 (Lusa) \u2013 O presidente em exerc\u00edcio da Comunidade Econ\u00f3mica dos Estados da \u00c1frica Ocidental&hellip;\n","protected":false},"author":2,"featured_media":132256,"comment_status":"","ping_status":"","sticky":false,"template":"","format":"standard","meta":{"footnotes":""},"categories":[50],"tags":[27,28,15,16,14,25,26,21,22,62,12,13,19,20,23,24,17,18,29,30,31,63,64,65],"class_list":{"0":"post-225215","1":"post","2":"type-post","3":"status-publish","4":"format-standard","5":"has-post-thumbnail","7":"category-mundo","8":"tag-breaking-news","9":"tag-breakingnews","10":"tag-featured-news","11":"tag-featurednews","12":"tag-headlines","13":"tag-latest-news","14":"tag-latestnews","15":"tag-main-news","16":"tag-mainnews","17":"tag-mundo","18":"tag-news","19":"tag-noticias","20":"tag-noticias-principais","21":"tag-noticiasprincipais","22":"tag-principais-noticias","23":"tag-principaisnoticias","24":"tag-top-stories","25":"tag-topstories","26":"tag-ultimas","27":"tag-ultimas-noticias","28":"tag-ultimasnoticias","29":"tag-world","30":"tag-world-news","31":"tag-worldnews"},"share_on_mastodon":{"url":"https:\/\/pubeurope.com\/@pt\/115878573147479005","error":""},"_links":{"self":[{"href":"https:\/\/www.europesays.com\/pt\/wp-json\/wp\/v2\/posts\/225215","targetHints":{"allow":["GET"]}}],"collection":[{"href":"https:\/\/www.europesays.com\/pt\/wp-json\/wp\/v2\/posts"}],"about":[{"href":"https:\/\/www.europesays.com\/pt\/wp-json\/wp\/v2\/types\/post"}],"author":[{"embeddable":true,"href":"https:\/\/www.europesays.com\/pt\/wp-json\/wp\/v2\/users\/2"}],"replies":[{"embeddable":true,"href":"https:\/\/www.europesays.com\/pt\/wp-json\/wp\/v2\/comments?post=225215"}],"version-history":[{"count":0,"href":"https:\/\/www.europesays.com\/pt\/wp-json\/wp\/v2\/posts\/225215\/revisions"}],"wp:featuredmedia":[{"embeddable":true,"href":"https:\/\/www.europesays.com\/pt\/wp-json\/wp\/v2\/media\/132256"}],"wp:attachment":[{"href":"https:\/\/www.europesays.com\/pt\/wp-json\/wp\/v2\/media?parent=225215"}],"wp:term":[{"taxonomy":"category","embeddable":true,"href":"https:\/\/www.europesays.com\/pt\/wp-json\/wp\/v2\/categories?post=225215"},{"taxonomy":"post_tag","embeddable":true,"href":"https:\/\/www.europesays.com\/pt\/wp-json\/wp\/v2\/tags?post=225215"}],"curies":[{"name":"wp","href":"https:\/\/api.w.org\/{rel}","templated":true}]}}