{"id":225224,"date":"2026-01-11T21:33:15","date_gmt":"2026-01-11T21:33:15","guid":{"rendered":"https:\/\/www.europesays.com\/pt\/225224\/"},"modified":"2026-01-11T21:33:15","modified_gmt":"2026-01-11T21:33:15","slug":"belenenses-e-o-46-o-campeao-iberico","status":"publish","type":"post","link":"https:\/\/www.europesays.com\/pt\/225224\/","title":{"rendered":"Belenenses \u00e9 o 46.\u00ba campe\u00e3o Ib\u00e9rico"},"content":{"rendered":"<p>O Belenenses conquistou, este domingo, a segunda Ta\u00e7a Ib\u00e9rica de r\u00e2guebi da sua hist\u00f3ria ao derrotar o campe\u00e3o de Espanha do El Salvador por 23-9 (10-3 ao intervalo), no Est\u00e1dio do Restelo, em Lisboa.<\/p>\n<p>Os bicampe\u00f5es nacionais souberam tirar partido da indisciplina do advers\u00e1rio e do vento favor\u00e1vel na 1.\u00aa parte para levarem a melhor na 46.\u00ba edi\u00e7\u00e3o de um trof\u00e9u que j\u00e1 haviam arrebatado em 2022\/23.<\/p>\n<p>No historial da competi\u00e7\u00e3o, que teve a sua primeira edi\u00e7\u00e3o em 1964\/65, ganha pelo Real Canoe, os azuis do Restelo s\u00e3o um dos sete clubes lusos vencedores de um total de 18 edi\u00e7\u00f5es. Com o Benfica e Direito a terem sido bem-sucedidos quatro vezes cada. O recordista de t\u00edtulos \u00e9 o espanhol do VRAC, com oito.<\/p>\n<p>Os conjunto de Jo\u00e3o Mirra atingiu o intervalo j\u00e1 a liderar por 10-3, com um ensaio de Tom\u00e1s Sequeira (23\u2019), transformado por Francisco Men\u00e9res, que somou, ainda, tr\u00eas penalidades (13\u2019, 42\u2019, 71\u2019), e fecharam o marcador ao cair do pano com novo toque de meta, de Duarte Azevedo (79\u2019), transformado por Men\u00e9res.<\/p>\n<p>Juntaram, desta forma, o trof\u00e9u ib\u00e9rico ao conquistado em 2022\/23, no terreno do Santboiana (44-15), menos de um ano ap\u00f3s falharem o objetivo, em abril de 2025, quando perderam em Valladolid, frente ao VRAC (43-39).<\/p>\n<p>O vento forte marcou a partida, com o Belenenses a capitalizar melhor esse detalhe no 1.\u00ba tempo, quando o teve a favor.<\/p>\n<p>A equipa da casa alcan\u00e7ou o primeiro ensaio por Tom\u00e1s Sequeira (23\u2019), na sequ\u00eancia de uma forma\u00e7\u00e3o ordenada onde tinha mais um homem do que os \u2018vallisoletanos\u2019, reduzidos a 13 elementos devido a cart\u00f5es amarelos mostrados a Juan Mart\u00ednez (18\u2019) e Matheo Taiki (22\u2019).<\/p>\n<p>Na 2.\u00aa parte, os pap\u00e9is \u2018inverteram-se\u2019, mas o El Salvador n\u00e3o demonstrou a mesma capacidade para jogar com \u00a0vento favor\u00e1vel e aproveitar a indisciplina, agora maior,\u00a0do Belenenses.<\/p>\n<p>A turma orientada por \u00c1lavaro Gorostiza n\u00e3o conseguiu mais do que tr\u00eas pontos, numa penalidade de Facu Munilla, autor dos tr\u00eas pontap\u00e9s certeiros espanh\u00f3is (15\u2019, 48\u2019 e 69\u2019), durante os 10m em que os belenenses jogaram com menos um, devido ao cart\u00e3o amarelo mostrado ao Owen Jenkins (48\u2019).<\/p>\n<p>Ainda assim, a incerteza no marcador manteve-se at\u00e9 perto do final, com os espanh\u00f3is quase sempre \u00e0 dist\u00e2ncia de um ensaio transformado de igualar o marcador.<\/p>\n<p>Mas, j\u00e1 perto do apito final, Duarte Azevedo (79\u2019) surpreendeu toda a defesa espanhola ao arrancar para o segundo ensaio dos azuis, ap\u00f3s retirar a bola de um \u2018maul\u2019 din\u00e2mico dentro da \u00e1rea de 22 metros dos visitantes, e assegurou a vit\u00f3ria para o emblema\u00a0da Cruz de Cristo.<\/p>\n<p>O Belenenses sucede aos espanh\u00f3is do VRAC, que conquistaram sete dos \u00faltimos nove trof\u00e9us.<\/p>\n<p>O VRAC, de resto, \u00e9 o clube com mais t\u00edtulos ib\u00e9ricos (oito), seguido pelo El Salvador (cinco), Benfica, Direito e Santboiana (quatro). CDUL (tr\u00eas), Cascais (tr\u00eas), Acad\u00e9mica (um) e Agronomia (um) s\u00e3o os outros clubes portugueses que j\u00e1 ergueram o trof\u00e9u.<\/p>\n<p>No final, Jo\u00e3o Mirra, treinador do Belenenses, considerou sobre a aquilo que fez a diferen\u00e7a no encontro: \u00abFomos uma equipa madura. N\u00e3o foi um jogo brilhante, que hoje n\u00e3o estava para isso, pois, apesar de o relvado ser \u00f3timo,\u00a0estava muito molhado e com lama. Se calhar, come\u00e7\u00e1mos a vit\u00f3ria de hoje nas derrotas do passado. Ganh\u00e1mos calo e percebemos que hoje n\u00e3o era um dia para brilhar, mas sim para ganhar\u00bb, come\u00e7ou por referir o t\u00e9cnico luso recordando o desaire da passada temporada.<\/p>\n<p>\u00abMais do que ser Belenenses, hoje fomos Portugal. \u00c9 uma vit\u00f3ria importante e at\u00e9 um exemplo. Sem querer ser paternalista, \u00e9 um exemplo para todos, e tamb\u00e9m para n\u00f3s, de que independentemente das diferen\u00e7as de or\u00e7amento, que as h\u00e1, com muito compromisso dos jogadores e de toda a estrutura das pessoas de um clube conseguimos aproximar-nos, competir e, depois,\u00a0vencer\u00bb.<\/p>\n<p style=\"text-align: start;\">\u00abAgora vamos fazer um reset e voltar \u00e0s competi\u00e7\u00f5es nacionais, que s\u00e3o muito importantes, at\u00e9 porque s\u00f3 jogamos esta competi\u00e7\u00e3o se tivermos sucesso a n\u00edvel nacional\u00bb.<\/p>\n<p>\u00abFa\u00e7o quest\u00e3o de deixar um\u00a0abra\u00e7o ao Bernardo Mota e ao Jo\u00e3o Diogo Mota pelo falecimento do pai deles [Ant\u00f3nio Mota]\u00a0que, n\u00e3o sendo do nosso clube, mas sim do Direito, era uma daquelas pessoas com todos os valores do r\u00e2guebi. N\u00e3o s\u00e3o do nosso clube, mas s\u00e3o da fam\u00edlia do r\u00e2guebi e esta conquista tamb\u00e9m foi por eles e para eles\u00bb, concluiu em declara\u00e7\u00f5es \u00e0 Lusa.<\/p>\n<p>No final, Jo\u00e3o Mirra, treinador do Belenenses, considerou sobre a aquilo que fez a diferen\u00e7a no encontro: \u00abFomos uma equipa madura. N\u00e3o foi um jogo brilhante, que hoje n\u00e3o estava para isso, pois, apesar de o relvado ser \u00f3timo,\u00a0estava muito molhado e com lama. Se calhar, come\u00e7\u00e1mos a vit\u00f3ria de hoje nas derrotas do passado. Ganh\u00e1mos calo e percebemos que hoje n\u00e3o era um dia para brilhar, mas sim para ganhar\u00bb, come\u00e7ou por referir o t\u00e9cnico luso recordando o desaire da passada temporada.<\/p>\n<p>\u00abMais do que ser Belenenses, hoje fomos Portugal. \u00c9 uma vit\u00f3ria importante e at\u00e9 um exemplo. Sem querer ser paternalista, \u00e9 um exemplo para todos, e tamb\u00e9m para n\u00f3s, de que independentemente das diferen\u00e7as de or\u00e7amento, que as h\u00e1, com muito compromisso dos jogadores e de toda a estrutura das pessoas de um clube conseguimos aproximar-nos, competir e, depois,\u00a0vencer\u00bb.<\/p>\n<p style=\"text-align: start;\">\u00abAgora vamos fazer um reset e voltar \u00e0s competi\u00e7\u00f5es nacionais, que s\u00e3o muito importantes, at\u00e9 porque s\u00f3 jogamos esta competi\u00e7\u00e3o se tivermos sucesso a n\u00edvel nacional\u00bb.<\/p>\n<p>\u00abFa\u00e7o quest\u00e3o de deixar um\u00a0abra\u00e7o ao Bernardo Mota e ao Jo\u00e3o Diogo Mota pelo falecimento do pai deles [Ant\u00f3nio Mota]\u00a0que, n\u00e3o sendo do nosso clube, mas sim do Direito, era uma daquelas pessoas com todos os valores do r\u00e2guebi. N\u00e3o s\u00e3o do nosso clube, mas s\u00e3o da fam\u00edlia do r\u00e2guebi e esta conquista tamb\u00e9m foi por eles e para eles\u00bb, concluiu em declara\u00e7\u00f5es \u00e0 Lusa.<\/p>\n<p>Historial de vencedores da Ta\u00e7a Ib\u00e9rica de r\u00e2guebi (n\u00e3o se disputou nas \u00e9pocas de 1971\/72 a 1981\/82, 1986\/87 e 2008\/09 a 2011\/12)<\/p>\n<p><strong>2025\/26 &#8211; Belenenses (Por)<\/strong><br \/>2024\/25 &#8211; VRAC\u00a0(Esp)<br \/>2023\/24 &#8211; VRAC\u00a0(Esp)<br \/><strong>2022\/23 &#8211; Belenenses (Por)<\/strong><br \/>2021\/22 &#8211; VRAC (Esp)<br \/>2020\/21 &#8211; VRAC (Esp)<\/p>\n<p style=\"text-align: start;\">2019\/20 &#8211; VRAC (Esp)<br \/>2018\/19 &#8211; VRAC (Esp)<br \/>2017\/18 &#8211; VRAC (Esp)<br \/>2016\/17 &#8211; El Salvador (Esp)<br \/><strong>2015\/16 &#8211; Direito (Por)<\/strong><br \/>2014\/15 &#8211; VRAC (Esp)<br \/><strong>2013\/14 &#8211; Direito (Por)<br \/>2012\/13 &#8211; CDUL (Por)<br \/>2007\/08 &#8211; Agronomia (Por)<\/strong><br \/>2006\/07 &#8211; Santboiana (Esp)<\/p>\n<p style=\"text-align: start;\">2005\/06 &#8211; Santboiana (Esp)<br \/>2004\/05 &#8211; El Salvador (Esp)<br \/>2003\/04 &#8211; El Salvador (Esp)<br \/><strong>2002\/03 &#8211; Direito (Por)<br \/>2001\/02 &#8211; Benfica (Por)<\/strong><br \/>2000\/01 &#8211; Real Canoe (Esp)<br \/><strong>1999\/00 &#8211; Direito (Por)<\/strong><br \/>1998\/99 &#8211; El Salvador (Esp)<br \/><strong>1997\/98 &#8211; Acad\u00e9mica (Por)<br \/>1996\/97 &#8211; Cascais (Por)<\/strong><\/p>\n<p style=\"text-align: start;\">1995\/96 &#8211; Arquitectura (Esp)<br \/>1994\/95 &#8211; Ciencias (Esp)<br \/><strong>1993\/94 &#8211; Cascais (Por)<br \/>1992\/93 &#8211; Cascais (Por)<\/strong><br \/>1991\/92 &#8211; El Salvador (Esp)<br \/>1990\/91 &#8211; Arquitectura (Esp)<br \/>1989\/90 &#8211; Santboiana (Esp)<br \/><strong>1988\/89 &#8211; Benfica (Por)<\/strong><br \/>1987\/88 &#8211; Santboiana (Esp)<br \/><strong>1985\/86 &#8211; Benfica (Por)<\/strong><\/p>\n<p style=\"text-align: start;\">1984\/85 &#8211; Cisneros (Esp)<br \/>1<strong>983\/84 &#8211; CDUL (Por)<br \/>1982\/83 &#8211; CDUL (Por)<br \/>1970\/71 &#8211; Benfica (Por)<\/strong><br \/>1969\/70 &#8211; Barcelona (Esp)<br \/>1968\/69 &#8211; San Sebasti\u00e1n (Esp)<br \/>1967\/68 &#8211; Cisneros (Esp)<br \/>1966\/67 &#8211; Real Canoe (Esp)<br \/>1965\/66 &#8211; CDU Barcelona (Esp)<br \/>1964\/65 &#8211; Real Canoe (Esp)<\/p>\n","protected":false},"excerpt":{"rendered":"O Belenenses conquistou, este domingo, a segunda Ta\u00e7a Ib\u00e9rica de r\u00e2guebi da sua hist\u00f3ria ao derrotar o campe\u00e3o&hellip;\n","protected":false},"author":2,"featured_media":225225,"comment_status":"","ping_status":"","sticky":false,"template":"","format":"standard","meta":{"footnotes":""},"categories":[87],"tags":[135,32,33,134],"class_list":{"0":"post-225224","1":"post","2":"type-post","3":"status-publish","4":"format-standard","5":"has-post-thumbnail","7":"category-desporto","8":"tag-desporto","9":"tag-portugal","10":"tag-pt","11":"tag-sports"},"share_on_mastodon":{"url":"https:\/\/pubeurope.com\/@pt\/115878612486981011","error":""},"_links":{"self":[{"href":"https:\/\/www.europesays.com\/pt\/wp-json\/wp\/v2\/posts\/225224","targetHints":{"allow":["GET"]}}],"collection":[{"href":"https:\/\/www.europesays.com\/pt\/wp-json\/wp\/v2\/posts"}],"about":[{"href":"https:\/\/www.europesays.com\/pt\/wp-json\/wp\/v2\/types\/post"}],"author":[{"embeddable":true,"href":"https:\/\/www.europesays.com\/pt\/wp-json\/wp\/v2\/users\/2"}],"replies":[{"embeddable":true,"href":"https:\/\/www.europesays.com\/pt\/wp-json\/wp\/v2\/comments?post=225224"}],"version-history":[{"count":0,"href":"https:\/\/www.europesays.com\/pt\/wp-json\/wp\/v2\/posts\/225224\/revisions"}],"wp:featuredmedia":[{"embeddable":true,"href":"https:\/\/www.europesays.com\/pt\/wp-json\/wp\/v2\/media\/225225"}],"wp:attachment":[{"href":"https:\/\/www.europesays.com\/pt\/wp-json\/wp\/v2\/media?parent=225224"}],"wp:term":[{"taxonomy":"category","embeddable":true,"href":"https:\/\/www.europesays.com\/pt\/wp-json\/wp\/v2\/categories?post=225224"},{"taxonomy":"post_tag","embeddable":true,"href":"https:\/\/www.europesays.com\/pt\/wp-json\/wp\/v2\/tags?post=225224"}],"curies":[{"name":"wp","href":"https:\/\/api.w.org\/{rel}","templated":true}]}}