{"id":225226,"date":"2026-01-11T21:34:16","date_gmt":"2026-01-11T21:34:16","guid":{"rendered":"https:\/\/www.europesays.com\/pt\/225226\/"},"modified":"2026-01-11T21:34:16","modified_gmt":"2026-01-11T21:34:16","slug":"reacao-rara-a-tatuagem-faz-homem-perder-cabelo-e-pelos-parar-de-suar-e-desenvolver-vitiligo-g1-2","status":"publish","type":"post","link":"https:\/\/www.europesays.com\/pt\/225226\/","title":{"rendered":"Rea\u00e7\u00e3o rara a tatuagem faz homem perder cabelo e pelos, parar de suar e desenvolver vitiligo &#8211; G1"},"content":{"rendered":"<ol>\n<li><a href=\"https:\/\/news.google.com\/rss\/articles\/CBMi2wFBVV95cUxPSlJHZ2szRURYeS1OMERQZTkxZXQtODBmTUJDQ0NPblQyalV5alZEcld4N2pjVjJyY2xVVkI2TU9seW1RcFZtRDVCd2t0bTJZVzZpRzlWXzVESGVza0lwLVV3UENEZG1mY1RjWmR1RnBuUlFPN3JpU2JkSDkxM1ZsSHR0N1RQSDdUOFNjZnV6b1FNWXBPMG1YY01oT01WQlR1YlR3aEk4MXU4RFVwaVpyWm0yR19ZSnRMRUJKdWxiSW1FVTBhc3pwUDl3NlpqdUVSQjJiMVZDWDhSTEXSAeoBQVVfeXFMUFMzM0JtUWQwQXNGa29zQkhOVzdqS0M3SnA4bHBJVmRTSnFfbzZaX0VuUGExTDFWVmQ5UGk1Y2piQUxCZnNoQnJUUTFZM2dyT04zUnJkc1M4ZG1hd3hEVFF4UHZ6dVZlbjhuRUFmZFpqblFwa0VfeXRTM0hFR19GYzlSR0daSWdiRmRDUDhPWGRKWDUtSUlJcGFoaXF1WHhSdHhfZW10LUY5cWN2YzJpR2llZWFwNG4xSW90bGo5aG5BY3JxdGNITzljQVdmSjFkbnZsWnRzV2oxSEVQaGhfRlF4bXlFTXJTTWlB?oc=5\" target=\"_blank\" rel=\"nofollow noopener\">Rea\u00e7\u00e3o rara a tatuagem faz homem perder cabelo e pelos, parar de suar e desenvolver vitiligo<\/a>&nbsp;&nbsp;G1<\/li>\n<li><a href=\"https:\/\/news.google.com\/rss\/articles\/CBMixAFBVV95cUxNRUlfeE5vaDNtengwelo3YmRLNDNlRmlSb3ZaakJBeHRzVWVmcUdWd2lRVW9SZHVLc3BTYWV0ZVJtdHdWUlYxRXRWbTUxUURZdkY2aVNRbU40ZWRrQ0ROcWRVX1h4WjJLZ3lwRTI4TjktV0tELUQ2bENnVU5WWkg3RUdtSVhKNzd1bjNoRE56ckI0emZQNDVmT0VpSS12UTNUZWk3cnQ4ZjRhVW9LUGdnVXZSVmFCVmJOUjVaUlJBNnNaMlBM?oc=5\" target=\"_blank\" rel=\"nofollow noopener\">Tatuagens v\u00e3o al\u00e9m da pele e podem manter o sistema imunol\u00f3gico ativado por anos<\/a>&nbsp;&nbsp;Jornal Op\u00e7\u00e3o<\/li>\n<li><a href=\"https:\/\/news.google.com\/rss\/articles\/CBMiugFBVV95cUxPZTVuaHFmVW13SEV6eXlwYW5FSTBQOXBvc2JENGxmemNzUkhGWUt0LXNqMWFNZFlrYWlWZHI5SkhQa3dKdTVJSjI3ZkxCUnBqU25FeWxPOEwzcTROdDhJM2hRdFNwYk5UVDc1cXBTWllnb2x6cTZ1cnpaMThSSmxMbVcteUNId2xzZjBSbWQzUUFZa0lQZGs3cTNYenh3SHZHOEhacm55WFMyTC1VWW12S2xZUkZiRmw4c3c?oc=5\" target=\"_blank\" rel=\"nofollow noopener\">Rea\u00e7\u00e3o rara a tinta de tatuagem faz homem desenvolver vitiligo e doen\u00e7as autoimunes<\/a>&nbsp;&nbsp;R\u00e1dio Itatiaia<\/li>\n<li><a href=\"https:\/\/news.google.com\/rss\/articles\/CBMi8wFBVV95cUxNcDN6OUZyQ2tnQ29CZzBGQUtTcTB0Slg5LVV3WlVxb2tRS3hORmNyYjVBQjFqM2JHOXlZZ1JJbzUyLVBmQVpIdklJUUp0b1pOUGhFSjY1aFRIRHotd1lLQnh4WTN3QUctS2l2MTdtTDJHR3J6U0h6bkx0UTVwRkF2VUVsODU2d3Qyb3pSS1hHSTBLRDRYQlVmOG9hS0xvUkFmTnd3dWZESmFuTVlnbmVmb2ZvSjh4dm1IeUlGMkxkUnRlUE9yaThMMUpYM3BQUnFwRFJaSVFwYnNHNDJrX3RLSVpEazBjMVlBX0hKQnhER01FVlE?oc=5\" target=\"_blank\" rel=\"nofollow noopener\">Quem tem tatuagem ou pretende fazer uma neste ver\u00e3o, precisa saber o que acontece com a tinta no corpo<\/a>&nbsp;&nbsp;Portal Leo Dias<\/li>\n<\/ol>\n","protected":false},"excerpt":{"rendered":"Rea\u00e7\u00e3o rara a tatuagem faz homem perder cabelo e pelos, parar de suar e desenvolver vitiligo&nbsp;&nbsp;G1 Tatuagens v\u00e3o&hellip;\n","protected":false},"author":2,"featured_media":224787,"comment_status":"","ping_status":"","sticky":false,"template":"","format":"standard","meta":{"footnotes":""},"categories":[86],"tags":[116,32,33,117],"class_list":{"0":"post-225226","1":"post","2":"type-post","3":"status-publish","4":"format-standard","5":"has-post-thumbnail","7":"category-saude","8":"tag-health","9":"tag-portugal","10":"tag-pt","11":"tag-saude"},"share_on_mastodon":{"url":"https:\/\/pubeurope.com\/@pt\/115878616383208781","error":""},"_links":{"self":[{"href":"https:\/\/www.europesays.com\/pt\/wp-json\/wp\/v2\/posts\/225226","targetHints":{"allow":["GET"]}}],"collection":[{"href":"https:\/\/www.europesays.com\/pt\/wp-json\/wp\/v2\/posts"}],"about":[{"href":"https:\/\/www.europesays.com\/pt\/wp-json\/wp\/v2\/types\/post"}],"author":[{"embeddable":true,"href":"https:\/\/www.europesays.com\/pt\/wp-json\/wp\/v2\/users\/2"}],"replies":[{"embeddable":true,"href":"https:\/\/www.europesays.com\/pt\/wp-json\/wp\/v2\/comments?post=225226"}],"version-history":[{"count":0,"href":"https:\/\/www.europesays.com\/pt\/wp-json\/wp\/v2\/posts\/225226\/revisions"}],"wp:featuredmedia":[{"embeddable":true,"href":"https:\/\/www.europesays.com\/pt\/wp-json\/wp\/v2\/media\/224787"}],"wp:attachment":[{"href":"https:\/\/www.europesays.com\/pt\/wp-json\/wp\/v2\/media?parent=225226"}],"wp:term":[{"taxonomy":"category","embeddable":true,"href":"https:\/\/www.europesays.com\/pt\/wp-json\/wp\/v2\/categories?post=225226"},{"taxonomy":"post_tag","embeddable":true,"href":"https:\/\/www.europesays.com\/pt\/wp-json\/wp\/v2\/tags?post=225226"}],"curies":[{"name":"wp","href":"https:\/\/api.w.org\/{rel}","templated":true}]}}