{"id":22523,"date":"2025-08-09T15:36:08","date_gmt":"2025-08-09T15:36:08","guid":{"rendered":"https:\/\/www.europesays.com\/pt\/22523\/"},"modified":"2025-08-09T15:36:08","modified_gmt":"2025-08-09T15:36:08","slug":"trump-quer-impor-tarifas-sobre-o-ouro-e-preco-bate-recorde-mercados","status":"publish","type":"post","link":"https:\/\/www.europesays.com\/pt\/22523\/","title":{"rendered":"Trump quer impor tarifas sobre o ouro e pre\u00e7o bate recorde | Mercados"},"content":{"rendered":"<p>O ouro voltou a quebrar recordes no final desta semana, um movimento que <a href=\"https:\/\/www.publico.pt\/2025\/04\/22\/economia\/noticia\/ouro-continua-subir-alcanca-maximos-historicos-perto-3500-dolares-2130547\" target=\"_blank\" rel=\"nofollow noopener\">tem sido recorrente<\/a> nos mercados financeiros ao longo deste ano, numa altura de incerteza econ\u00f3mica. Desta vez, a valoriza\u00e7\u00e3o do metal precioso \u00e9 explicada por mais uma decis\u00e3o comercial do Presidente dos Estados Unidos da Am\u00e9rica (EUA): na sexta-feira, a Administra\u00e7\u00e3o de Donald Trump anunciou a imposi\u00e7\u00e3o de tarifas sobre as importa\u00e7\u00f5es de ouro, recuando em rela\u00e7\u00e3o \u00e0 posi\u00e7\u00e3o que havia sido tomada meses antes.<\/p>\n<p>A decis\u00e3o foi conhecida depois de o Financial Times avan\u00e7ar que os EUA ir\u00e3o taxar a importa\u00e7\u00e3o de barras de ouro de um quilo ou de 100 on\u00e7as (o equivalente a cerca de 2,8 quilos). De acordo com o jornal brit\u00e2nico, a decis\u00e3o foi formalizada pela autoridade alfandeg\u00e1ria e fronteiri\u00e7a norte-americana (CBP, na sigla em ingl\u00eas) atrav\u00e9s de um decreto datado de 31 de Julho, que determina que este tipo de ouro deve passar a ser classificado com um c\u00f3digo alfandeg\u00e1rio que n\u00e3o est\u00e1 inclu\u00eddo na lista de isen\u00e7\u00f5es de tarifas.<\/p>\n<p>At\u00e9 agora, recorda o jornal brit\u00e2nico, este metal precioso tem estado sempre de fora das amea\u00e7as de tarifas por parte de Donald Trump, at\u00e9 porque constitui um importante activo e uma disrup\u00e7\u00e3o na forma como \u00e9 negociado poder\u00e1 ter um impacto significativo sobre o sistema financeiro. Em Abril, quando anunciou pela primeira a inten\u00e7\u00e3o de impor aquilo a que chamou de &#8220;<a href=\"https:\/\/www.publico.pt\/2025\/04\/02\/economia\/noticia\/trump-anuncia-tarifas-reciprocas-globais-taxas-25-sector-automovel-partir-meianoite-2128349\" target=\"_blank\" rel=\"nofollow noopener\">tarifas rec\u00edprocas<\/a>&#8221; a quase todos os parceiros comerciais dos EUA, a Casa Branca isentava o ouro de quaisquer taxas aduaneiras novas.<\/p>\n<p>Como tem acontecido por v\u00e1rias vezes ao longo dos \u00faltimos meses, Trump voltou atr\u00e1s nesta inten\u00e7\u00e3o. A decis\u00e3o ter\u00e1 particular impacto sobre os mercados financeiros globais, mas, tamb\u00e9m, sobre a Su\u00ed\u00e7a, onde est\u00e3o algumas das maiores refinarias de ouro do mundo e que \u00e9 um dos maiores exportadores de barras de ouro e a quem os EUA tamb\u00e9m pretendem impor uma tarifa de 39% sobre todos os produtos (para al\u00e9m das tarifas espec\u00edficas agora anunciadas sobre o ouro). Segundo o Financial Times, no per\u00edodo de 12 meses terminado em Junho deste ano, a Su\u00ed\u00e7a exportou um total de 61,5 mil milh\u00f5es de d\u00f3lares em ouro para os EUA.<\/p>\n<p>Ap\u00f3s estas not\u00edcias, a Casa Branca divulgou uma nota de imprensa a dar conta de que pretende &#8220;emitir uma ordem executiva, no futuro pr\u00f3ximo, para clarificar a desinforma\u00e7\u00e3o quanto \u00e0s tarifas sobre barras de ouro e outros produtos espec\u00edficos&#8221;. Para j\u00e1, contudo, n\u00e3o adiantou mais detalhes sobre este assunto, nem explicou por que considera que est\u00e1 a ser difundida &#8220;desinforma\u00e7\u00e3o&#8221; sobre o tema, uma actua\u00e7\u00e3o que tamb\u00e9m tem sido habitual.<\/p>\n<p>Por esta altura, contudo, o primeiro impacto j\u00e1 se fazia sentir nos mercados financeiros. Na sexta-feira, os contratos de futuros negociados em Nova Iorque atingiram os 3534 d\u00f3lares por on\u00e7a (medida mais utilizada na cota\u00e7\u00e3o do ouro nos mercados financeiros, equivalente a cerca de 31 gramas), um novo m\u00e1ximo hist\u00f3rico. Mais tarde, o ouro acabou por atenuar os ganhos, mas manteve-se pr\u00f3ximo deste valor recorde, nos 3458 d\u00f3lares por on\u00e7a.<\/p>\n<p>A preocupar os mercados est\u00e1, sobretudo, o facto de que o ouro \u00e9, historicamente, tido como um activo de ref\u00fagio para per\u00edodos de maior incerteza, um cen\u00e1rio que pode mudar se passar a ser taxado pelos EUA. &#8220;Isto levanta a quest\u00e3o sobre se haver\u00e1 formas alternativas de celebrar estes contratos de futuros de ouro, em termos de produto e localiza\u00e7\u00e3o, ou se outros centros de refina\u00e7\u00e3o de ouro v\u00e3o tornar-se mais relevantes&#8221;, comenta uma analista do UBS, citada pelo Financial Times.<\/p>\n","protected":false},"excerpt":{"rendered":"O ouro voltou a quebrar recordes no final desta semana, um movimento que tem sido recorrente nos mercados&hellip;\n","protected":false},"author":2,"featured_media":22524,"comment_status":"","ping_status":"","sticky":false,"template":"","format":"standard","meta":{"footnotes":""},"categories":[83],"tags":[88,3398,92,476,89,90,413,97,32,1503,33],"class_list":{"0":"post-22523","1":"post","2":"type-post","3":"status-publish","4":"format-standard","5":"has-post-thumbnail","7":"category-empresas","8":"tag-business","9":"tag-comercio","10":"tag-donald-trump","11":"tag-economia","12":"tag-economy","13":"tag-empresas","14":"tag-eua","15":"tag-mercados","16":"tag-portugal","17":"tag-precos","18":"tag-pt"},"share_on_mastodon":{"url":"","error":""},"_links":{"self":[{"href":"https:\/\/www.europesays.com\/pt\/wp-json\/wp\/v2\/posts\/22523","targetHints":{"allow":["GET"]}}],"collection":[{"href":"https:\/\/www.europesays.com\/pt\/wp-json\/wp\/v2\/posts"}],"about":[{"href":"https:\/\/www.europesays.com\/pt\/wp-json\/wp\/v2\/types\/post"}],"author":[{"embeddable":true,"href":"https:\/\/www.europesays.com\/pt\/wp-json\/wp\/v2\/users\/2"}],"replies":[{"embeddable":true,"href":"https:\/\/www.europesays.com\/pt\/wp-json\/wp\/v2\/comments?post=22523"}],"version-history":[{"count":0,"href":"https:\/\/www.europesays.com\/pt\/wp-json\/wp\/v2\/posts\/22523\/revisions"}],"wp:featuredmedia":[{"embeddable":true,"href":"https:\/\/www.europesays.com\/pt\/wp-json\/wp\/v2\/media\/22524"}],"wp:attachment":[{"href":"https:\/\/www.europesays.com\/pt\/wp-json\/wp\/v2\/media?parent=22523"}],"wp:term":[{"taxonomy":"category","embeddable":true,"href":"https:\/\/www.europesays.com\/pt\/wp-json\/wp\/v2\/categories?post=22523"},{"taxonomy":"post_tag","embeddable":true,"href":"https:\/\/www.europesays.com\/pt\/wp-json\/wp\/v2\/tags?post=22523"}],"curies":[{"name":"wp","href":"https:\/\/api.w.org\/{rel}","templated":true}]}}