{"id":225231,"date":"2026-01-11T21:39:16","date_gmt":"2026-01-11T21:39:16","guid":{"rendered":"https:\/\/www.europesays.com\/pt\/225231\/"},"modified":"2026-01-11T21:39:16","modified_gmt":"2026-01-11T21:39:16","slug":"antes-da-covid-tinhamos-cerca-de-129-mil-toneladas-de-co%e2%82%82-produzidas-por-carros-hoje-estamos-em-157-mil-o-carro-e-rei-e-senhor","status":"publish","type":"post","link":"https:\/\/www.europesays.com\/pt\/225231\/","title":{"rendered":"\u201cAntes da Covid t\u00ednhamos cerca de 129 mil toneladas de CO\u2082 produzidas por carros. Hoje estamos em 157 mil. O carro \u00e9 rei e senhor\u201d"},"content":{"rendered":"<p class=\"category\"><a href=\"https:\/\/sicnoticias.pt\/podcasts\/mobi-boom\" rel=\"nofollow noopener\" target=\"_blank\">Mobi Boom<\/a><\/p>\n<p class=\"g-article-lead lead\" data-field=\"lead\">No novo epis\u00f3dio do Mobi Boom, V\u00edtor Moreira, respons\u00e1vel pelo projeto de \u2018smart city\u2019 de Vila Nova de Famalic\u00e3o, revela como a aposta em tecnologia, dados e a participa\u00e7\u00e3o c\u00edvica est\u00e3o a transformar a cidade numa refer\u00eancia de inova\u00e7\u00e3o urbana e mobilidade sustent\u00e1vel. \u201cAs cidades s\u00e3o inteligentes pelas pessoas que t\u00eam\u201d, afirma. Oi\u00e7a aqui o podcast de mobilidade do Expresso<\/p>\n<p>Em Vila Nova de Famalic\u00e3o, o conceito de Smart City n\u00e3o \u00e9 uma utopia. Atrav\u00e9s da tecnologia e de uma vis\u00e3o integrada que coloca a qualidade de vida no centro das decis\u00f5es, o munic\u00edpio aposta em dados, inova\u00e7\u00e3o e colabora\u00e7\u00e3o para construir uma cidade mais sustent\u00e1vel e eficiente.<\/p>\n<p>Para V\u00edtor Moreira, diretor-geral do munic\u00edpio, \u201cas cidades s\u00e3o inteligentes pelas pessoas que t\u00eam\u201d, e \u00e9 essa intelig\u00eancia coletiva que orienta cada camada de desenvolvimento urbano.<\/p>\n<p>A digitaliza\u00e7\u00e3o e as novas ferramentas tecnol\u00f3gicas permitem uma gest\u00e3o mais eficaz, mas \u00e9 a participa\u00e7\u00e3o dos mun\u00edcipes que garante que as mudan\u00e7as fluem naturalmente, sem imposi\u00e7\u00f5es.<\/p>\n<p>A recolha e an\u00e1lise de dados s\u00e3o pilares fundamentais do projeto. A cidade utiliza videoanal\u00edtica para monitorizar fluxos de pessoas e ve\u00edculos, sensores para gerir recursos como \u00e1gua e energia, e projetos piloto em escolas para envolver a comunidade na medi\u00e7\u00e3o de indicadores ambientais. <\/p>\n<p>O munic\u00edpio fundou o<a href=\"https:\/\/b-smart.famalicao.pt\/observatoriofamalicao\/\" target=\"_blank\" rel=\"noopener noreferrer nofollow\"> Observat\u00f3rio Famalic\u00e3o<\/a>, uma plataforma que recebe e gere os diversos dados da cidade e est\u00e1 acess\u00edvel a qualquer cidad\u00e3o, mas a qualidade da informa\u00e7\u00e3o ainda \u00e9 um desafio a superar. <strong>\u201cAlguns dos dados n\u00e3o s\u00e3o fidedignos. A qualidade dos dados n\u00e3o \u00e9 aquela que n\u00f3s precisamos que seja e isso cria no decisor pol\u00edtico desconfian\u00e7a. \u00c9 o pior que pode acontecer\u201d<\/strong>, diz.<\/p>\n<p>Em Famalic\u00e3o, a mobilidade \u00e9 uma das \u00e1reas mais trabalhadas, mas, apesar do refor\u00e7o da rede de autocarros, o autom\u00f3vel continua a ser o meio de transporte dominante, o que se reflete nas emiss\u00f5es de CO2. <\/p>\n<p>\u201cO carro ainda continua a ser rei e senhor no territ\u00f3rio. N\u00f3s t\u00ednhamos cerca de 129 mil toneladas de CO2 produzidas por viaturas autom\u00f3veis em Famalic\u00e3o antes da Covid-19. Baix\u00e1mos para cerca de 90 mil toneladas na pandemia e hoje estamos em 157 mil. Ultrapassou os valores pr\u00e9-Covid\u201d, afirma V\u00edtor Moreira. E acrescenta: <strong>\u201cCostumo dizer que as pessoas naquele tempo [pandemia] andavam sozinhas para n\u00e3o contagiar ningu\u00e9m e gostaram. Portanto, agora continuam a andar sozinhas no autom\u00f3vel\u201d. <\/strong><\/p>\n<p>Para o convidado deste epis\u00f3dio de Mobi Boom, o futuro das Smart Cities passa por uma estabiliza\u00e7\u00e3o tecnol\u00f3gica e pela adapta\u00e7\u00e3o das estrat\u00e9gias \u00e0s necessidades espec\u00edficas de cada territ\u00f3rio. <\/p>\n<p>Famalic\u00e3o integra ainda uma rede de sete munic\u00edpios que partilham experi\u00eancias e desenvolvem solu\u00e7\u00f5es conjuntas, mostrando que a intelig\u00eancia urbana se constr\u00f3i em colabora\u00e7\u00e3o. \u201cFamalic\u00e3o, Barcelos, Esposende, Vila Verde, Vieira do Minho, Amares e Terras de Bouro juntaram-se e est\u00e3o as sete a desenvolver a sua estrat\u00e9gia de smart city partilhando as suas experi\u00eancias. \u00c9 muito interessante vermos como \u00e9 que vamos ajudar uns aos outros a criar as bases de uma cidade inteligente, que consiga responder melhor aos anseios das popula\u00e7\u00f5es do distrito de Braga&#8221;, conclui.<\/p>\n<p>A forma como nos movemos define como vivemos.<strong> Mobi Boom<\/strong> \u00e9 um podcast semanal sobre mobilidade, inova\u00e7\u00e3o e qualidade de vida nas cidades. Dos carros el\u00e9tricos aos bairros inteligentes, exploramos as ideias, tecnologias e tend\u00eancias que est\u00e3o a transformar a malha urbana e a nossa qualidade de vida. Se acredita em cidades mais verdes, humanas e pr\u00e1ticas, este podcast \u00e9 para si. Novo epis\u00f3dio todos os domingos.<\/p>\n<p>Mobi Boom \u00e9 um podcast Expresso, com produ\u00e7\u00e3o Tale House, e a primeira temporada tem o apoio da Kinto.<\/p>\n","protected":false},"excerpt":{"rendered":"Mobi Boom No novo epis\u00f3dio do Mobi Boom, V\u00edtor Moreira, respons\u00e1vel pelo projeto de \u2018smart city\u2019 de Vila&hellip;\n","protected":false},"author":2,"featured_media":225232,"comment_status":"","ping_status":"","sticky":false,"template":"","format":"standard","meta":{"footnotes":""},"categories":[10],"tags":[27,28,15,16,14,25,26,21,22,12,13,19,20,32,23,24,33,17,18,29,30,31],"class_list":{"0":"post-225231","1":"post","2":"type-post","3":"status-publish","4":"format-standard","5":"has-post-thumbnail","7":"category-portugal","8":"tag-breaking-news","9":"tag-breakingnews","10":"tag-featured-news","11":"tag-featurednews","12":"tag-headlines","13":"tag-latest-news","14":"tag-latestnews","15":"tag-main-news","16":"tag-mainnews","17":"tag-news","18":"tag-noticias","19":"tag-noticias-principais","20":"tag-noticiasprincipais","21":"tag-portugal","22":"tag-principais-noticias","23":"tag-principaisnoticias","24":"tag-pt","25":"tag-top-stories","26":"tag-topstories","27":"tag-ultimas","28":"tag-ultimas-noticias","29":"tag-ultimasnoticias"},"share_on_mastodon":{"url":"https:\/\/pubeurope.com\/@pt\/115878636076355808","error":""},"_links":{"self":[{"href":"https:\/\/www.europesays.com\/pt\/wp-json\/wp\/v2\/posts\/225231","targetHints":{"allow":["GET"]}}],"collection":[{"href":"https:\/\/www.europesays.com\/pt\/wp-json\/wp\/v2\/posts"}],"about":[{"href":"https:\/\/www.europesays.com\/pt\/wp-json\/wp\/v2\/types\/post"}],"author":[{"embeddable":true,"href":"https:\/\/www.europesays.com\/pt\/wp-json\/wp\/v2\/users\/2"}],"replies":[{"embeddable":true,"href":"https:\/\/www.europesays.com\/pt\/wp-json\/wp\/v2\/comments?post=225231"}],"version-history":[{"count":0,"href":"https:\/\/www.europesays.com\/pt\/wp-json\/wp\/v2\/posts\/225231\/revisions"}],"wp:featuredmedia":[{"embeddable":true,"href":"https:\/\/www.europesays.com\/pt\/wp-json\/wp\/v2\/media\/225232"}],"wp:attachment":[{"href":"https:\/\/www.europesays.com\/pt\/wp-json\/wp\/v2\/media?parent=225231"}],"wp:term":[{"taxonomy":"category","embeddable":true,"href":"https:\/\/www.europesays.com\/pt\/wp-json\/wp\/v2\/categories?post=225231"},{"taxonomy":"post_tag","embeddable":true,"href":"https:\/\/www.europesays.com\/pt\/wp-json\/wp\/v2\/tags?post=225231"}],"curies":[{"name":"wp","href":"https:\/\/api.w.org\/{rel}","templated":true}]}}