{"id":225265,"date":"2026-01-11T22:16:10","date_gmt":"2026-01-11T22:16:10","guid":{"rendered":"https:\/\/www.europesays.com\/pt\/225265\/"},"modified":"2026-01-11T22:16:10","modified_gmt":"2026-01-11T22:16:10","slug":"elenco-de-stranger-things-le-carta-de-fa-assista","status":"publish","type":"post","link":"https:\/\/www.europesays.com\/pt\/225265\/","title":{"rendered":"Elenco de Stranger Things l\u00ea carta de f\u00e3; assista"},"content":{"rendered":"<p>Para finalizar a homenagem da pr\u00f3pria s\u00e9rie aos f\u00e3s, o elenco de <strong>Stranger Things<\/strong> leu uma carta de um f\u00e3 agradecendo por todos os bons momentos que a s\u00e9rie lhe proporcionou.\u00a0<\/p>\n<p><strong>Millie Bobby Brown<\/strong>, <strong>Gaten Matarazzo<\/strong>, <strong>Noah Schnapp<\/strong>, <strong>Caleb McLaughlin<\/strong> e <strong>Finn Wolfhard <\/strong>foram os respons\u00e1veis pela leitura no v\u00eddeo compartilhado nos perfis em redes sociais da s\u00e9rie.\u00a0<\/p>\n<p>Assista ao momento abaixo:<\/p>\n<p>            Continua depois da Publicidade<\/p>\n<p>    <strong>Tudo sobre\u00a0Stranger Things<\/strong><\/p>\n<p data-gtm-vis-first-on-screen67967661_30=\"1716115\" data-gtm-vis-has-fired67967661_30=\"1\" data-gtm-vis-total-visible-time67967661_30=\"100\">Stranger Things acompanha um grupo de amigos adolescentes que se envolvem com conspira\u00e7\u00f5es governamentais na pequena cidade de Hawkins, no interior dos EUA, durante os anos 1980.<\/p>\n<p data-gtm-vis-first-on-screen67967661_30=\"1716115\" data-gtm-vis-has-fired67967661_30=\"1\" data-gtm-vis-total-visible-time67967661_30=\"100\"><strong>Millie Bobby Brown<\/strong>,\u00a0<strong>Finn Wolfhard<\/strong>,\u00a0<strong>Noah Schnapp<\/strong>,\u00a0<strong>Gaten Matarazzo<\/strong>,\u00a0<strong>Caleb McLaughlin\u00a0<\/strong>e\u00a0<strong>Sadie Sink\u00a0<\/strong>interpretam os protagonistas mirins, que come\u00e7am a lutar contra monstros vindo de uma misteriosa outra dimens\u00e3o conhecida como Mundo Invertido.<\/p>\n<p data-gtm-vis-first-on-screen67967661_30=\"1716115\" data-gtm-vis-has-fired67967661_30=\"1\" data-gtm-vis-total-visible-time67967661_30=\"100\">Ao redor deles est\u00e3o personagens adolescentes e adultos vividos por\u00a0<strong>Maya Hawke, Joe Keery, Natalia Dyer, Charlie Heaton, Winona Ryder<\/strong>\u00a0e\u00a0<strong>David Harbour<\/strong>.<\/p>\n<p>            Continua depois da Publicidade<\/p>\n<p>A s\u00e9rie est\u00e1 dispon\u00edvel completa no cat\u00e1logo da <strong>Netflix<\/strong>.\u00a0<\/p>\n","protected":false},"excerpt":{"rendered":"Para finalizar a homenagem da pr\u00f3pria s\u00e9rie aos f\u00e3s, o elenco de Stranger Things leu uma carta de&hellip;\n","protected":false},"author":2,"featured_media":225266,"comment_status":"","ping_status":"","sticky":false,"template":"","format":"standard","meta":{"footnotes":""},"categories":[142],"tags":[114,115,32,33,151],"class_list":{"0":"post-225265","1":"post","2":"type-post","3":"status-publish","4":"format-standard","5":"has-post-thumbnail","7":"category-tv","8":"tag-entertainment","9":"tag-entretenimento","10":"tag-portugal","11":"tag-pt","12":"tag-tv"},"share_on_mastodon":{"url":"https:\/\/pubeurope.com\/@pt\/115878781459947205","error":""},"_links":{"self":[{"href":"https:\/\/www.europesays.com\/pt\/wp-json\/wp\/v2\/posts\/225265","targetHints":{"allow":["GET"]}}],"collection":[{"href":"https:\/\/www.europesays.com\/pt\/wp-json\/wp\/v2\/posts"}],"about":[{"href":"https:\/\/www.europesays.com\/pt\/wp-json\/wp\/v2\/types\/post"}],"author":[{"embeddable":true,"href":"https:\/\/www.europesays.com\/pt\/wp-json\/wp\/v2\/users\/2"}],"replies":[{"embeddable":true,"href":"https:\/\/www.europesays.com\/pt\/wp-json\/wp\/v2\/comments?post=225265"}],"version-history":[{"count":0,"href":"https:\/\/www.europesays.com\/pt\/wp-json\/wp\/v2\/posts\/225265\/revisions"}],"wp:featuredmedia":[{"embeddable":true,"href":"https:\/\/www.europesays.com\/pt\/wp-json\/wp\/v2\/media\/225266"}],"wp:attachment":[{"href":"https:\/\/www.europesays.com\/pt\/wp-json\/wp\/v2\/media?parent=225265"}],"wp:term":[{"taxonomy":"category","embeddable":true,"href":"https:\/\/www.europesays.com\/pt\/wp-json\/wp\/v2\/categories?post=225265"},{"taxonomy":"post_tag","embeddable":true,"href":"https:\/\/www.europesays.com\/pt\/wp-json\/wp\/v2\/tags?post=225265"}],"curies":[{"name":"wp","href":"https:\/\/api.w.org\/{rel}","templated":true}]}}