{"id":225269,"date":"2026-01-11T22:19:11","date_gmt":"2026-01-11T22:19:11","guid":{"rendered":"https:\/\/www.europesays.com\/pt\/225269\/"},"modified":"2026-01-11T22:19:11","modified_gmt":"2026-01-11T22:19:11","slug":"classico-antecipado-por-quem-representou-as-duas-cores-o-benfica-nao-pode-perder","status":"publish","type":"post","link":"https:\/\/www.europesays.com\/pt\/225269\/","title":{"rendered":"Cl\u00e1ssico antecipado por quem representou as duas cores: \u00abO Benfica n\u00e3o pode perder\u00bb"},"content":{"rendered":"<p><a class=\"autolink-enabled\" data-resource-id=\"451\" data-resource-type=\"team\" data-sport=\"football\" href=\"https:\/\/www.abola.pt\/futebol\/fc-porto-451\" rel=\"nofollow noopener\" target=\"_blank\">FC Porto<\/a> e <a class=\"autolink-enabled\" data-resource-id=\"450\" data-resource-type=\"team\" data-sport=\"football\" href=\"https:\/\/www.abola.pt\/futebol\/benfica-450\" rel=\"nofollow noopener\" target=\"_blank\">Benfica<\/a> defrontam-se pela segunda vez esta temporada na quarta-feira, a partir das 20h45, em duelo a contar para os quartos de final da <a class=\"autolink-enabled\" data-resource-id=\"112\" data-resource-type=\"competition\" data-sport=\"football\" href=\"https:\/\/www.abola.pt\/futebol\/competicao\/taca-de-portugal-112\" rel=\"nofollow noopener\" target=\"_blank\">Ta\u00e7a de Portugal<\/a>. As \u00e1guias visitam azuis e brancos no Est\u00e1dio do Drag\u00e3o, na ressaca de uma derrota contundente diante do <a class=\"autolink-enabled\" data-resource-id=\"457\" data-resource-type=\"team\" data-sport=\"football\" href=\"https:\/\/www.abola.pt\/futebol\/sc-braga-457\" rel=\"nofollow noopener\" target=\"_blank\">SC Braga<\/a> (1-3), nas meias-finais da Ta\u00e7a da <a class=\"autolink-enabled\" data-resource-id=\"13\" data-resource-type=\"competition\" data-sport=\"football\" href=\"https:\/\/www.abola.pt\/futebol\/competicao\/liga-portugal-betclic-13\" rel=\"nofollow noopener\" target=\"_blank\">Liga<\/a>.<\/p>\n<p style=\"text-align: start;\">Jo\u00e3o Manuel Pinto, antigo jogador das duas equipas, admitiu, em declara\u00e7\u00f5es a <strong>A BOLA<\/strong>, que o Benfica \u00abn\u00e3o atravessa um bom momento\u00bb, ap\u00f3s um jogo em que \u00abnada correu bem\u00bb, em Leiria, no in\u00edcio de um m\u00eas de janeiro \u00abextremamente terr\u00edvel\u00bb.<\/p>\n<p style=\"text-align: start;\">Para o antigo defesa central e atual treinador, uma vit\u00f3ria no Drag\u00e3o pode, ainda assim, revitalizar os encarnados depois do desaire na Ta\u00e7a da Liga: \u00abO <a target=\"_blank\" class=\"editor-link autolink-enabled\" href=\"https:\/\/www.abola.pt\/futebol\/benfica-450\" data-resource-id=\"450\" data-resource-type=\"team\" data-sport=\"football\" rel=\"nofollow noopener\">Benfica<\/a> tem que dar tudo, n\u00e3o pode perder. Ganhar moraliza para os outros jogos. Depois t\u00eam a <a target=\"_blank\" class=\"editor-link autolink-enabled\" href=\"https:\/\/www.abola.pt\/futebol\/competicao\/liga-dos-campeoes-qualificacoes-758\" data-resource-id=\"758\" data-resource-type=\"competition\" data-sport=\"football\" rel=\"nofollow noopener\">Liga dos Campe\u00f5es<\/a> e a Liga, onde querem chegar, no m\u00ednimo, ao segundo lugar que d\u00e1 acesso \u00e0 pr\u00e9-eliminat\u00f3ria da Champions. Perdendo, vai fazer mossa e levantar d\u00favidas.\u00bb<\/p>\n<p>            <img decoding=\"async\" src=\"https:\/\/www.europesays.com\/pt\/wp-content\/uploads\/2026\/01\/22f4d2a0-d141-41ef-984b-4e2b0803297b.jpg\" alt=\"\" width=\"620\" class=\"w-full object-cover\"\/><\/p>\n<p>                    Jo\u00e3o Manuel Pinto ao servi\u00e7o do Benfica, em 2003 &#8211; Foto: A BOLA<\/p>\n<p style=\"text-align: start;\">O antigo jogador do <a target=\"_blank\" class=\"editor-link autolink-enabled\" href=\"https:\/\/www.abola.pt\/futebol\/benfica-450\" data-resource-id=\"450\" data-resource-type=\"team\" data-sport=\"football\" rel=\"nofollow noopener\">Benfica<\/a> entre 2001 e 2003 considera que o cl\u00e1ssico \u00ab\u00e9 o jogo da vida\u00bb das \u00e1guias esta temporada, pelas eventuais repercuss\u00f5es para o futuro desportivo do clube. \u00abN\u00e3o podemos esquecer que o <a target=\"_blank\" class=\"editor-link autolink-enabled\" href=\"https:\/\/www.abola.pt\/futebol\/benfica-450\" data-resource-id=\"450\" data-resource-type=\"team\" data-sport=\"football\" rel=\"nofollow noopener\">Benfica<\/a> est\u00e1 a 10 pontos do <a target=\"_blank\" class=\"editor-link autolink-enabled\" href=\"https:\/\/www.abola.pt\/futebol\/fc-porto-451\" data-resource-id=\"451\" data-resource-type=\"team\" data-sport=\"football\" rel=\"nofollow noopener\">FC Porto<\/a> na <a target=\"_blank\" class=\"editor-link autolink-enabled\" href=\"https:\/\/www.abola.pt\/futebol\/competicao\/liga-portugal-betclic-13\" data-resource-id=\"13\" data-resource-type=\"competition\" data-sport=\"football\" rel=\"nofollow noopener\">Liga<\/a>, a Ta\u00e7a da <a target=\"_blank\" class=\"editor-link autolink-enabled\" href=\"https:\/\/www.abola.pt\/futebol\/competicao\/liga-portugal-betclic-13\" data-resource-id=\"13\" data-resource-type=\"competition\" data-sport=\"football\" rel=\"nofollow noopener\">Liga<\/a> j\u00e1 foi e na <a target=\"_blank\" class=\"editor-link autolink-enabled\" href=\"https:\/\/www.abola.pt\/futebol\/competicao\/taca-de-portugal-112\" data-resource-id=\"112\" data-resource-type=\"competition\" data-sport=\"football\" rel=\"nofollow noopener\">Ta\u00e7a de Portugal<\/a> calhou uma equipa que est\u00e1 numa grande fase. \u00c9 dif\u00edcil perceber qual ser\u00e1 a rea\u00e7\u00e3o\u00bb, frisou, antes de destacar a diferen\u00e7a an\u00edmica entre as duas equipas.<\/p>\n<p style=\"text-align: start;\">Os drag\u00f5es merecem rasgados elogios do defesa central que disputou 110 jogos pelo clube entre 1994 e 2000: \u00abO FC Porto est\u00e1 bem e numa fase em que quer dar continuidade. Est\u00e3o a apostar forte e querem a <a target=\"_blank\" class=\"editor-link autolink-enabled\" href=\"https:\/\/www.abola.pt\/futebol\/competicao\/taca-de-portugal-112\" data-resource-id=\"112\" data-resource-type=\"competition\" data-sport=\"football\" rel=\"nofollow noopener\">Ta\u00e7a de Portugal<\/a> e o campeonato, acima de tudo.\u00bb<\/p>\n<p>            <img decoding=\"async\" src=\"https:\/\/www.europesays.com\/pt\/wp-content\/uploads\/2026\/01\/60173357-4433-40ca-a66a-c9788cde819c.jpg\" alt=\"\" width=\"620\" class=\"w-full object-cover\"\/><\/p>\n<p>                    Jo\u00e3o Manuel Pinto durante um FC Porto-SC Braga, em 1999 &#8211; Foto: ASF<\/p>\n<p style=\"text-align: start;\">Jo\u00e3o Manuel Pinto relembrou, ainda assim, que o <a target=\"_blank\" class=\"editor-link autolink-enabled\" href=\"https:\/\/www.abola.pt\/futebol\/benfica-450\" data-resource-id=\"450\" data-resource-type=\"team\" data-sport=\"football\" rel=\"nofollow noopener\">Benfica<\/a> foi a \u00fanica equipa a travar o <a target=\"_blank\" class=\"editor-link autolink-enabled\" href=\"https:\/\/www.abola.pt\/futebol\/fc-porto-451\" data-resource-id=\"451\" data-resource-type=\"team\" data-sport=\"football\" rel=\"nofollow noopener\">FC Porto<\/a> na primeira volta da Liga, num empate 0-0, a 5 de outubro. Equil\u00edbrio \u00e9 a palavra de ordem na antec\u00e2mara de um jogo especial: \u00ab O fator casa \u00e9 muito importante, mas s\u00e3o equipas extremamente competitivas. Cl\u00e1ssicos s\u00e3o jogos 50-50, ainda por cima na <a target=\"_blank\" class=\"editor-link autolink-enabled\" href=\"https:\/\/www.abola.pt\/futebol\/competicao\/taca-de-portugal-112\" data-resource-id=\"112\" data-resource-type=\"competition\" data-sport=\"football\" rel=\"nofollow noopener\">Ta\u00e7a de Portugal<\/a>. S\u00e3o jogos em que todos os atletas querem estar.\u00bb<\/p>\n<p>            Galeria de imagens<\/p>\n<p>            112 Fotos<\/p>\n<p style=\"text-align: start;\">As duas equipas chegam ao Drag\u00e3o com estados de esp\u00edrito bem diferentes, mas uma coisa \u00e9 certa: \u00abUma de duas boas equipas que vai ficar pelo caminho.\u00bb<\/p>\n","protected":false},"excerpt":{"rendered":"FC Porto e Benfica defrontam-se pela segunda vez esta temporada na quarta-feira, a partir das 20h45, em duelo&hellip;\n","protected":false},"author":2,"featured_media":219761,"comment_status":"","ping_status":"","sticky":false,"template":"","format":"standard","meta":{"footnotes":""},"categories":[87],"tags":[135,32,33,134],"class_list":{"0":"post-225269","1":"post","2":"type-post","3":"status-publish","4":"format-standard","5":"has-post-thumbnail","7":"category-desporto","8":"tag-desporto","9":"tag-portugal","10":"tag-pt","11":"tag-sports"},"share_on_mastodon":{"url":"https:\/\/pubeurope.com\/@pt\/115878793295142686","error":""},"_links":{"self":[{"href":"https:\/\/www.europesays.com\/pt\/wp-json\/wp\/v2\/posts\/225269","targetHints":{"allow":["GET"]}}],"collection":[{"href":"https:\/\/www.europesays.com\/pt\/wp-json\/wp\/v2\/posts"}],"about":[{"href":"https:\/\/www.europesays.com\/pt\/wp-json\/wp\/v2\/types\/post"}],"author":[{"embeddable":true,"href":"https:\/\/www.europesays.com\/pt\/wp-json\/wp\/v2\/users\/2"}],"replies":[{"embeddable":true,"href":"https:\/\/www.europesays.com\/pt\/wp-json\/wp\/v2\/comments?post=225269"}],"version-history":[{"count":0,"href":"https:\/\/www.europesays.com\/pt\/wp-json\/wp\/v2\/posts\/225269\/revisions"}],"wp:featuredmedia":[{"embeddable":true,"href":"https:\/\/www.europesays.com\/pt\/wp-json\/wp\/v2\/media\/219761"}],"wp:attachment":[{"href":"https:\/\/www.europesays.com\/pt\/wp-json\/wp\/v2\/media?parent=225269"}],"wp:term":[{"taxonomy":"category","embeddable":true,"href":"https:\/\/www.europesays.com\/pt\/wp-json\/wp\/v2\/categories?post=225269"},{"taxonomy":"post_tag","embeddable":true,"href":"https:\/\/www.europesays.com\/pt\/wp-json\/wp\/v2\/tags?post=225269"}],"curies":[{"name":"wp","href":"https:\/\/api.w.org\/{rel}","templated":true}]}}