{"id":225270,"date":"2026-01-11T22:20:16","date_gmt":"2026-01-11T22:20:16","guid":{"rendered":"https:\/\/www.europesays.com\/pt\/225270\/"},"modified":"2026-01-11T22:20:16","modified_gmt":"2026-01-11T22:20:16","slug":"cirurgias-plasticas-por-que-a-procura-cresce-no-verao-terra","status":"publish","type":"post","link":"https:\/\/www.europesays.com\/pt\/225270\/","title":{"rendered":"Cirurgias pl\u00e1sticas: por que a procura cresce no ver\u00e3o? &#8211; Terra"},"content":{"rendered":"<ol>\n<li><a href=\"https:\/\/news.google.com\/rss\/articles\/CBMi3AFBVV95cUxNcklobEVjWVBtTHpCV3k4WFlqeHluMzc4THVmT1NGWnFGbjI1c0VvWHg5aE5RS2JfQ3JwNnFfOVY3d2w4M2ppYjd3ZjZQN1g4ZnVyZnhScVJiVWRaVWNfTE9JT0VXUEdEcXprNmVsMEFBSjRxN2FLZkNGMDVKT01BT0Ywb2lwRmZhQjVlbk5mYnpQenc3LVVxTnYtSGNwUXZiUnNHOUJLNEV1ZzY0MEdiUjNhc3d6eUxpLVA4aDhkSWVNZTloaW9QVmdVV0NlczVqQzFUU1RNelktSl9Q?oc=5\" target=\"_blank\" rel=\"nofollow noopener\">Cirurgias pl\u00e1sticas: por que a procura cresce no ver\u00e3o?<\/a>&nbsp;&nbsp;Terra<\/li>\n<li><a href=\"https:\/\/news.google.com\/rss\/articles\/CBMiqgFBVV95cUxQSXhTa09jbjBrcC1NYUZjRk1KTzlzQzYtM054Q0NNTnRPSnZtX0EwLUVTWmRjQWNaS2hyZnI1amxvUUUyYTkwNjJpWkRaQVViWmxBQkhHeDJsUmJkc1hmVjlUMDRZZGtOYjVfV29YZ2dLR3NseEhpTU1ycExiSFlLOEM2M0VTY25YTDFCYjJmM3lIWUoxbzJNWjJJeDh4WV9LWHpaWlFrc0lmdw?oc=5\" target=\"_blank\" rel=\"nofollow noopener\">Pernas pesadas no ver\u00e3o? Especialistas explicam raz\u00f5es e indicam cuidados<\/a>&nbsp;&nbsp;viva.com.br<\/li>\n<li><a href=\"https:\/\/news.google.com\/rss\/articles\/CBMiiAJBVV95cUxQeEhkR1dLbmNBUHVxbXJpam9mRmI2dnEwSmsxcjJROUVnZ0VJOFFvZjIxUkQ2cFk1NHlNel9sM3VZWFMtM294dGw2WWZGOXUtZWpZc1pGWnBIaGdIck9RNnQwNkl0cTBQaEJPd1pEN1o4blUweWtWV2xtMDYyX0xNNWptaU5YX0ZtN19tTUhOV0VnZkdaMGc2bXA5SkRIRnF1WUhiWWNJektINHJPVVduUW8yU1M0Y2RWLUJSMEhkZkFDMzl6aFdyNnoydXo2LXVPc0U1aGhFcWlvakdkeFViT2Y2Z0dHazFsemtUUHgyZWRZN2hjWERSSzhBTnB1Mi1UeGs4bFowSWQ?oc=5\" target=\"_blank\" rel=\"nofollow noopener\">Trombose: viagem de carro ou avi\u00e3o nas f\u00e9rias pode favorecer forma\u00e7\u00e3o de co\u00e1gulos; veja sinais de alerta e como prevenir<\/a>&nbsp;&nbsp;A Tribuna<\/li>\n<li><a href=\"https:\/\/news.google.com\/rss\/articles\/CBMi8wFBVV95cUxOaHRDNGNFbHdkd2g0aEtJUFB2UU0xWkRrNkFicjZKX1JkTEdKZmt6eWFUaGVkdHpPZzRzVE5LTXB0UmRXUUVCR3dkakRaODFSY1dDY0RWQVBhcU5GUEljRm5KaVdtVkptYS12dXJFaHNvSXlJS2xjUVkzZmZBZEZXa1B1VHZfTnUwOHo1ajF0czRmcEszNG9QTzk3bmJ1Q2szdjhoS1M2bUZtUE44SGc3QVMtX1dMX1Z6M0RkQTRHcDFZaFpOZkJPendnTVU3Rk4tVzNnWS13WlowdnlwUllvSDJvb3ZwQ2loZGVYc1lRM19YZkE?oc=5\" target=\"_blank\" rel=\"nofollow noopener\">Viagens longas, calor e pouco movimento: por que o ver\u00e3o exige mais aten\u00e7\u00e3o com a circula\u00e7\u00e3o<\/a>&nbsp;&nbsp;Correio Sudoeste<\/li>\n<li><a href=\"https:\/\/news.google.com\/rss\/articles\/CBMitgFBVV95cUxNVlJEV3FuNWY5UkNITXdCVFhkVjRKdlVwNEZzRTEtVzd6SVgyb1VHaFZXbFVPa0hwUkNRdl8tY2hJYnhjQ1IzNk1FYmhkMnlkbzVxeFdPOEZNcDBUSnpBaWxSOVI0Z1FmS1k0dFlMWnc0TXFiLUV5QzQzTjRlTjhHRHNJNkJDcVlva1hMREZ2NjJ1Qm9KY0ZzNmlaakpkRHlvdEdTbEVzVzZQZUdBczd6YXppRU5Sdw?oc=5\" target=\"_blank\" rel=\"nofollow noopener\">Volta das f\u00e9rias: por que o incha\u00e7o demora a desaparecer em algumas pessoas<\/a>&nbsp;&nbsp;SBT News<\/li>\n<\/ol>\n","protected":false},"excerpt":{"rendered":"Cirurgias pl\u00e1sticas: por que a procura cresce no ver\u00e3o?&nbsp;&nbsp;Terra Pernas pesadas no ver\u00e3o? Especialistas explicam raz\u00f5es e indicam&hellip;\n","protected":false},"author":2,"featured_media":225271,"comment_status":"","ping_status":"","sticky":false,"template":"","format":"standard","meta":{"footnotes":""},"categories":[86],"tags":[116,32,33,117],"class_list":{"0":"post-225270","1":"post","2":"type-post","3":"status-publish","4":"format-standard","5":"has-post-thumbnail","7":"category-saude","8":"tag-health","9":"tag-portugal","10":"tag-pt","11":"tag-saude"},"share_on_mastodon":{"url":"https:\/\/pubeurope.com\/@pt\/115878797121927539","error":""},"_links":{"self":[{"href":"https:\/\/www.europesays.com\/pt\/wp-json\/wp\/v2\/posts\/225270","targetHints":{"allow":["GET"]}}],"collection":[{"href":"https:\/\/www.europesays.com\/pt\/wp-json\/wp\/v2\/posts"}],"about":[{"href":"https:\/\/www.europesays.com\/pt\/wp-json\/wp\/v2\/types\/post"}],"author":[{"embeddable":true,"href":"https:\/\/www.europesays.com\/pt\/wp-json\/wp\/v2\/users\/2"}],"replies":[{"embeddable":true,"href":"https:\/\/www.europesays.com\/pt\/wp-json\/wp\/v2\/comments?post=225270"}],"version-history":[{"count":0,"href":"https:\/\/www.europesays.com\/pt\/wp-json\/wp\/v2\/posts\/225270\/revisions"}],"wp:featuredmedia":[{"embeddable":true,"href":"https:\/\/www.europesays.com\/pt\/wp-json\/wp\/v2\/media\/225271"}],"wp:attachment":[{"href":"https:\/\/www.europesays.com\/pt\/wp-json\/wp\/v2\/media?parent=225270"}],"wp:term":[{"taxonomy":"category","embeddable":true,"href":"https:\/\/www.europesays.com\/pt\/wp-json\/wp\/v2\/categories?post=225270"},{"taxonomy":"post_tag","embeddable":true,"href":"https:\/\/www.europesays.com\/pt\/wp-json\/wp\/v2\/tags?post=225270"}],"curies":[{"name":"wp","href":"https:\/\/api.w.org\/{rel}","templated":true}]}}