{"id":225272,"date":"2026-01-11T22:24:08","date_gmt":"2026-01-11T22:24:08","guid":{"rendered":"https:\/\/www.europesays.com\/pt\/225272\/"},"modified":"2026-01-11T22:24:08","modified_gmt":"2026-01-11T22:24:08","slug":"acordo-urgente-para-evitar-crise-de-petroleo","status":"publish","type":"post","link":"https:\/\/www.europesays.com\/pt\/225272\/","title":{"rendered":"Acordo Urgente para Evitar Crise de Petr\u00f3leo"},"content":{"rendered":"<p>Acusados de tr\u00e1fico de droga, Maduro e a mulher, Cilia Flores, que se declararam inocentes perante a justi\u00e7a norte-americana, em Nova Iorque, encontram-se detidos nos Estados Unidos. Na sequ\u00eancia da captura de Maduro, a antiga vice-presidente Delcy Rodriguez foi nomeada Presidente interina.<\/p>\n<p><strong>Este s\u00e1bado, Trump decretou &#8220;emerg\u00eancia nacional&#8221; para proteger as receitas das vendas de petr\u00f3leo da Venezuela nas contas do Tesouro norte-americano<\/strong>, impedindo que os credores da d\u00edvida externa venezuelana reclamem os fundos.<\/p>\n<p>A Casa Branca afirmou, num comunicado, que aquele decreto &#8220;vai impedir a apreens\u00e3o das receitas do petr\u00f3leo venezuelano que podiam comprometer os esfor\u00e7os cr\u00edticos dos EUA para garantir a estabilidade pol\u00edtica e econ\u00f3mica da Venezuela&#8221;.<\/p>\n<p><strong>A ordem &#8220;bloqueia qualquer embargo, julgamento, decreto, direito de reten\u00e7\u00e3o, execu\u00e7\u00e3o ou qualquer outro processo judicial contra&#8221; fundos que estejam em contas do governo dos Estados Unidos derivados das vendas de petr\u00f3leo venezuelano<\/strong> e &#8220;pro\u00edbe transfer\u00eancias ou negocia\u00e7\u00f5es&#8221; desses recursos.<\/p>\n<p>A Venezuela possui as maiores reservas comprovadas de petr\u00f3leo bruto do mundo, com mais de 300 mil milh\u00f5es de barris, de acordo com a Organiza\u00e7\u00e3o dos Pa\u00edses Exportadores de Petr\u00f3leo (OPEP), \u00e0 frente da Ar\u00e1bia Saudita (267 mil milh\u00f5es) e do Ir\u00e3o.<\/p>\n","protected":false},"excerpt":{"rendered":"Acusados de tr\u00e1fico de droga, Maduro e a mulher, Cilia Flores, que se declararam inocentes perante a justi\u00e7a&hellip;\n","protected":false},"author":2,"featured_media":176846,"comment_status":"","ping_status":"","sticky":false,"template":"","format":"standard","meta":{"footnotes":""},"categories":[50],"tags":[39583,27,28,2535,413,15,16,14,25,26,21,22,62,12,13,19,20,23,24,17,18,29,30,31,63,64,65],"class_list":{"0":"post-225272","1":"post","2":"type-post","3":"status-publish","4":"format-standard","5":"has-post-thumbnail","7":"category-mundo","8":"tag-administracao-trump","9":"tag-breaking-news","10":"tag-breakingnews","11":"tag-cuba","12":"tag-eua","13":"tag-featured-news","14":"tag-featurednews","15":"tag-headlines","16":"tag-latest-news","17":"tag-latestnews","18":"tag-main-news","19":"tag-mainnews","20":"tag-mundo","21":"tag-news","22":"tag-noticias","23":"tag-noticias-principais","24":"tag-noticiasprincipais","25":"tag-principais-noticias","26":"tag-principaisnoticias","27":"tag-top-stories","28":"tag-topstories","29":"tag-ultimas","30":"tag-ultimas-noticias","31":"tag-ultimasnoticias","32":"tag-world","33":"tag-world-news","34":"tag-worldnews"},"share_on_mastodon":{"url":"https:\/\/pubeurope.com\/@pt\/115878812943997526","error":""},"_links":{"self":[{"href":"https:\/\/www.europesays.com\/pt\/wp-json\/wp\/v2\/posts\/225272","targetHints":{"allow":["GET"]}}],"collection":[{"href":"https:\/\/www.europesays.com\/pt\/wp-json\/wp\/v2\/posts"}],"about":[{"href":"https:\/\/www.europesays.com\/pt\/wp-json\/wp\/v2\/types\/post"}],"author":[{"embeddable":true,"href":"https:\/\/www.europesays.com\/pt\/wp-json\/wp\/v2\/users\/2"}],"replies":[{"embeddable":true,"href":"https:\/\/www.europesays.com\/pt\/wp-json\/wp\/v2\/comments?post=225272"}],"version-history":[{"count":0,"href":"https:\/\/www.europesays.com\/pt\/wp-json\/wp\/v2\/posts\/225272\/revisions"}],"wp:featuredmedia":[{"embeddable":true,"href":"https:\/\/www.europesays.com\/pt\/wp-json\/wp\/v2\/media\/176846"}],"wp:attachment":[{"href":"https:\/\/www.europesays.com\/pt\/wp-json\/wp\/v2\/media?parent=225272"}],"wp:term":[{"taxonomy":"category","embeddable":true,"href":"https:\/\/www.europesays.com\/pt\/wp-json\/wp\/v2\/categories?post=225272"},{"taxonomy":"post_tag","embeddable":true,"href":"https:\/\/www.europesays.com\/pt\/wp-json\/wp\/v2\/tags?post=225272"}],"curies":[{"name":"wp","href":"https:\/\/api.w.org\/{rel}","templated":true}]}}