{"id":225273,"date":"2026-01-11T22:25:28","date_gmt":"2026-01-11T22:25:28","guid":{"rendered":"https:\/\/www.europesays.com\/pt\/225273\/"},"modified":"2026-01-11T22:25:28","modified_gmt":"2026-01-11T22:25:28","slug":"liga-dos-bombeiros-rejeita-ilegalidade-no-reforco-de-ambulancias-e-critica-protecao-civil","status":"publish","type":"post","link":"https:\/\/www.europesays.com\/pt\/225273\/","title":{"rendered":"Liga dos Bombeiros rejeita ilegalidade no refor\u00e7o de ambul\u00e2ncias e critica Prote\u00e7\u00e3o Civil"},"content":{"rendered":"<p data-remotead-prev-elm=\"true\" data-remotead-elm-id=\"inread\">Em declara\u00e7\u00f5es \u00e0 Lusa, Ant\u00f3nio Nunes disse que lamentava &#8220;que se fa\u00e7am declara\u00e7\u00f5es sem se sentarem \u00e0 mesa e conversar&#8221; com a liga, para &#8220;saber o se passa&#8221;, acrescentando que &#8220;se no final disso houver d\u00favidas e tiver havido alguma situa\u00e7\u00e3o que mere\u00e7a ser esclarecida ou averiguada num processo formal, fa\u00e7a-se&#8221;, que &#8220;n\u00e3o tem problema nenhum&#8221;.<\/p>\n<p>Considerando que a situa\u00e7\u00e3o &#8220;n\u00e3o \u00e9 razo\u00e1vel&#8221;, o presidente da LBP disse que &#8220;parece que se quer dizer que um movimento de comandantes &#8211; que o fazem todos os dias, mas que resolveram juntar-se para salvar vidas -, agora esteja a ser marginal&#8221;.<\/p>\n<p>&#8220;S\u00e3o palavras que n\u00e3o ficam bem, parece-me, num sistema que procura salvar vidas. Aquilo que n\u00f3s temos de ter em consci\u00eancia \u00e9 que a semana passada foi dram\u00e1tica&#8221;, destacou.<\/p>\n<p data-remotead-prev-elm=\"true\" data-remotead-elm-id=\"centro1\">A Prote\u00e7\u00e3o Civil vai abrir um processo de averigua\u00e7\u00f5es \u00e0 &#8216;task-force&#8217; de ambul\u00e2ncias para socorro pr\u00e9-hospitalar por considerar a opera\u00e7\u00e3o ilegal e ter sido &#8220;marginalmente criada&#8221;, revelou, este domingo, aquele organismo.<\/p>\n<p>Numa resposta enviada \u00e0 Lusa, a Autoridade Nacional de Emerg\u00eancia e Prote\u00e7\u00e3o Civil (ANEPC) avan\u00e7a que vai abrir um processo de averigua\u00e7\u00f5es, que ter\u00e1 &#8220;em considera\u00e7\u00e3o v\u00e1rios fatores, nomeadamente o facto de a opera\u00e7\u00e3o marginalmente criada estar sob o comando de um elemento do quadro de honra, o que legalmente n\u00e3o \u00e9 permitido&#8221;.<\/p>\n<p>Ant\u00f3nio Nunes real\u00e7ou que se fosse ilegal &#8220;ent\u00e3o tamb\u00e9m n\u00e3o se abririam as portas \u00e0 comunica\u00e7\u00e3o social&#8221;.<\/p>\n<p data-remotead-prev-elm=\"true\" data-remotead-elm-id=\"centro2\">&#8220;A comunica\u00e7\u00e3o social ainda ontem [s\u00e1bado] esteve na sede da Liga. Ent\u00e3o, \u00e9 ilegal, \u00e9 marginal e est\u00e1 \u00e0 porta aberta? N\u00e3o me parece que sejam palavras razo\u00e1veis&#8221;, disse.<\/p>\n<p>Segundo o presidente, a Liga &#8220;n\u00e3o organizou nada, n\u00e3o nomeou comandante nenhum&#8221; e que &#8220;isso tudo n\u00e3o passa de ilus\u00f5es&#8221;.<\/p>\n<p>Sobre as cr\u00edticas da Prote\u00e7\u00e3o Civil, Ant\u00f3nio Nunes disse que &#8220;o que aconteceu foi que h\u00e1 um elemento do quadro de honra que por acaso \u00e9 funcion\u00e1rio da Liga, que por acaso \u00e9 o operador que liga os computadores e desliga os computadores, e que apareceu a dizer umas palavras&#8221;, mas &#8220;que isso \u00e9 completamente alheio a esta situa\u00e7\u00e3o&#8221;.<\/p>\n<p data-remotead-prev-elm=\"true\" data-remotead-elm-id=\"centro3\">Ant\u00f3nio Nunes explicou que o movimento para a cria\u00e7\u00e3o da &#8220;task-force&#8221; partiu de um &#8220;conjunto de comandantes preocupados, bombeiros volunt\u00e1rios preocupados, que na sexta-feira perguntaram se n\u00e3o se deveria constituir um conjunto de ambul\u00e2ncias&#8221; durante o fim de semana, tendo em conta a situa\u00e7\u00e3o atual.<\/p>\n<p>A LBP, explicou, abriu as suas portas \u00e0 opera\u00e7\u00e3o, que j\u00e1 conta com oito ambul\u00e2ncias, face \u00e0s quatro inicialmente previstas, funcionando como espa\u00e7o para estas ambul\u00e2ncias.<\/p>\n<p>&#8220;A opera\u00e7\u00e3o \u00e9 t\u00e3o ilegal, t\u00e3o ilegal, como todos os dias. A \u00fanica altera\u00e7\u00e3o que houve em rela\u00e7\u00e3o ao dia a dia \u00e9 que estas ambul\u00e2ncias, que est\u00e3o nos v\u00e1rios corpos de bombeiros, neste s\u00e1bado e domingo, das oito da manh\u00e3 \u00e0s oito da noite, juntaram-se num local. \u00c9 a \u00fanica altera\u00e7\u00e3o&#8221;, disse.<\/p>\n<p data-remotead-prev-elm=\"true\" data-remotead-elm-id=\"centro4\">&#8220;Mas mais, se fosse t\u00e3o ilegal, o INEM ontem [s\u00e1bado] n\u00e3o tinha acionado sete vezes sete ambul\u00e2ncias&#8221;, destacou.<\/p>\n<p>A Prote\u00e7\u00e3o Civil considera que o refor\u00e7o de ambul\u00e2ncias &#8220;parece violar os princ\u00edpios e os pressupostos do sistema integrado de prote\u00e7\u00e3o e socorro, bem como as compet\u00eancias da ANEPC&#8221;, salientando que se afigura &#8220;como um sistema paralelo, sem qualquer enquadramento legal&#8221;.<\/p>\n<p>&#8220;O presente dispositivo, pelo que se conhece das redes sociais, concentra na LBP ambul\u00e2ncias na mesma \u00e1rea de interven\u00e7\u00e3o (Grande Lisboa), n\u00e3o se percecionando a mais-valia desta medida, uma vez que os meios em causa j\u00e1 deveriam de ser disponibilizados em situa\u00e7\u00f5es normais&#8221;, precisa a ANEPC, acrescentando que &#8220;esta medida aparenta ser uma deturpa\u00e7\u00e3o do sistema&#8221;.<\/p>\n<p>O refor\u00e7o de ambul\u00e2ncias surge ap\u00f3s, nos \u00faltimos dias, tr\u00eas pessoas terem morrido por alegado atraso no socorro, por falta de ambul\u00e2ncias ou por estas estarem retidas devido \u00e0 utiliza\u00e7\u00e3o das suas macas nos hospitais.<\/p>\n","protected":false},"excerpt":{"rendered":"Em declara\u00e7\u00f5es \u00e0 Lusa, Ant\u00f3nio Nunes disse que lamentava &#8220;que se fa\u00e7am declara\u00e7\u00f5es sem se sentarem \u00e0 mesa&hellip;\n","protected":false},"author":2,"featured_media":225274,"comment_status":"","ping_status":"","sticky":false,"template":"","format":"standard","meta":{"footnotes":""},"categories":[10],"tags":[42771,27,28,15,16,14,25,26,23406,21,22,619,12,13,19,20,32,23,24,33,43316,17,18,29,30,31],"class_list":{"0":"post-225273","1":"post","2":"type-post","3":"status-publish","4":"format-standard","5":"has-post-thumbnail","7":"category-portugal","8":"tag-ambulancias","9":"tag-breaking-news","10":"tag-breakingnews","11":"tag-featured-news","12":"tag-featurednews","13":"tag-headlines","14":"tag-latest-news","15":"tag-latestnews","16":"tag-liga-dos-bombeiros-portugueses","17":"tag-main-news","18":"tag-mainnews","19":"tag-nacional","20":"tag-news","21":"tag-noticias","22":"tag-noticias-principais","23":"tag-noticiasprincipais","24":"tag-portugal","25":"tag-principais-noticias","26":"tag-principaisnoticias","27":"tag-pt","28":"tag-task-force","29":"tag-top-stories","30":"tag-topstories","31":"tag-ultimas","32":"tag-ultimas-noticias","33":"tag-ultimasnoticias"},"share_on_mastodon":{"url":"https:\/\/pubeurope.com\/@pt\/115878816794608623","error":""},"_links":{"self":[{"href":"https:\/\/www.europesays.com\/pt\/wp-json\/wp\/v2\/posts\/225273","targetHints":{"allow":["GET"]}}],"collection":[{"href":"https:\/\/www.europesays.com\/pt\/wp-json\/wp\/v2\/posts"}],"about":[{"href":"https:\/\/www.europesays.com\/pt\/wp-json\/wp\/v2\/types\/post"}],"author":[{"embeddable":true,"href":"https:\/\/www.europesays.com\/pt\/wp-json\/wp\/v2\/users\/2"}],"replies":[{"embeddable":true,"href":"https:\/\/www.europesays.com\/pt\/wp-json\/wp\/v2\/comments?post=225273"}],"version-history":[{"count":0,"href":"https:\/\/www.europesays.com\/pt\/wp-json\/wp\/v2\/posts\/225273\/revisions"}],"wp:featuredmedia":[{"embeddable":true,"href":"https:\/\/www.europesays.com\/pt\/wp-json\/wp\/v2\/media\/225274"}],"wp:attachment":[{"href":"https:\/\/www.europesays.com\/pt\/wp-json\/wp\/v2\/media?parent=225273"}],"wp:term":[{"taxonomy":"category","embeddable":true,"href":"https:\/\/www.europesays.com\/pt\/wp-json\/wp\/v2\/categories?post=225273"},{"taxonomy":"post_tag","embeddable":true,"href":"https:\/\/www.europesays.com\/pt\/wp-json\/wp\/v2\/tags?post=225273"}],"curies":[{"name":"wp","href":"https:\/\/api.w.org\/{rel}","templated":true}]}}