{"id":225275,"date":"2026-01-11T22:27:08","date_gmt":"2026-01-11T22:27:08","guid":{"rendered":"https:\/\/www.europesays.com\/pt\/225275\/"},"modified":"2026-01-11T22:27:08","modified_gmt":"2026-01-11T22:27:08","slug":"ana-castela-rompe-silencio-e-explica-problema-de-saude-to-me-tratando","status":"publish","type":"post","link":"https:\/\/www.europesays.com\/pt\/225275\/","title":{"rendered":"Ana Castela rompe sil\u00eancio e explica problema de sa\u00fade: &#8216;T\u00f4 me tratando&#8217;"},"content":{"rendered":"<p>\n                        Ap\u00f3s adiar show devido \u00e0s fortes dores, Ana Castela tranquiliza f\u00e3s e exp\u00f5e poss\u00edvel diagn\u00f3stico; veja\n                    <\/p>\n<ul class=\"article__header__author\">\n<li class=\"article__header__author__item\">\n                                                Por:<br \/>\n                                                                                    Let\u00edcia Couto \/ Contigo\n                                                                        <\/li>\n<\/ul>\n<p class=\"text\">Ap\u00f3s o susto causado pelo adiamento do show no litoral paulista no \u00faltimo s\u00e1bado, 10\/01, <a href=\"https:\/\/www.terra.com.br\/tudo-sobre\/ana-castela\" target=\"_self\" rel=\"nofollow noopener\">Ana Castela<\/a> tranquilizou os f\u00e3s neste domingo. Em suas redes sociais, a Boiadeira explicou que sofreu uma crise de sa\u00fade com suspeita de c\u00e1lculo renal, o que causou fortes dores.<\/p>\n<p><img loading=\"lazy\" decoding=\"async\" alt=\"Ana Castela\" class=\"img-f13f1aac9d19e6084cf8d9a1ea0de9d4wwywmvkw\" height=\"435\" src=\"https:\/\/www.europesays.com\/pt\/wp-content\/uploads\/2026\/01\/271573697-ana-castela.jpg\"  title=\"Ana Castela\" width=\"774\"\/><\/p>\n<p>Ana Castela<\/p>\n<p>Foto: Reprodu\u00e7\u00e3o\/Redes sociais \/ Contigo<\/p>\n<p class=\"text\">&#8220;Pra quem t\u00e1 preocupado comigo, t\u00f4 bem, gra\u00e7as a Deus. Possivelmente t\u00f4 com c\u00e1lculo renal, a famosa pedra nos rins, mas j\u00e1 t\u00f4 me tratando&#8221;, explicou. Em seguida, a famosa brincou sobre a rea\u00e7\u00e3o da m\u00e3e, <strong>Michelle Castela<\/strong>: &#8220;Dona Michelle tem pedra no rim todo dia, todo m\u00eas\u2026 J\u00e1 se preocupou, ficou doida j\u00e1&#8221;.<\/p>\n<p class=\"text\">Apesar do imprevisto, a cantora afirmou que j\u00e1 est\u00e1 medicada e confirmou sua apresenta\u00e7\u00e3o que foi remarcada para hoje, garantindo que o pior j\u00e1 passou. &#8220;T\u00f4 melhor e vejo voc\u00eas hoje no show. Muito obrigada por todas as mensagens de carinho&#8221;, concluiu.<\/p>\n<blockquote class=\"instagram-media\" data-instgrm-captioned=\"\" data-instgrm-permalink=\"https:\/\/www.instagram.com\/p\/DTYAsjEDl7k\/?utm_source=ig_embed&amp;utm_campaign=loading\" data-instgrm-version=\"14\" style=\"background: #FFF; border: 0; border-radius: 3px; box-shadow: 0 0 1px 0 rgba(0,0,0,0.5),0 1px 10px 0 rgba(0,0,0,0.15); margin: 1px; max-width: 540px; min-width: 326px; padding: 0; width: calc(100% - 2px);\">\n<p>     Ver essa foto no Instagram <\/p>\n<p class=\"text\" style=\"color: #c9c8cd; font-family: Arial,sans-serif; font-size: 14px; line-height: 17px; margin-bottom: 0; margin-top: 8px; overflow: hidden; padding: 8px 0 7px; text-align: center; text-overflow: ellipsis; white-space: nowrap;\"><a href=\"https:\/\/www.instagram.com\/p\/DTYAsjEDl7k\/?utm_source=ig_embed&amp;utm_campaign=loading\" rel=\"noopener nofollow\" style=\"color: #c9c8cd; font-family: Arial,sans-serif; font-size: 14px; font-style: normal; font-weight: normal; line-height: 17px; text-decoration: none;\" target=\"_blank\">Um post compartilhado por Segue a Cami (@segueacami)<\/a><\/p>\n<\/blockquote>\n<p>Antes do t\u00e9rmino, m\u00e3e de Ana Castela fez revela\u00e7\u00e3o sobre ex-genro<\/p>\n<p class=\"text\">Em uma entrevista recente, Michele Castela, m\u00e3e da cantora, confirmou que a fam\u00edlia demonstrava entusiasmo com a rela\u00e7\u00e3o entre Z\u00e9 Felipe e Ana, que chegou ao fim em dezembro. Para ela, o clima era de estabilidade, o que tornou a not\u00edcia ainda mais surpreendente.<\/p>\n<p class=\"text\">Michele ainda revelou que Z\u00e9 mandava mensagens todos os dias para ela e para o pai de Ana Castela. A rep\u00f3rter revelou que a cantora demonstrava estar feliz nos bastidores de um show e que contava com alegria sobre o momento que vivia com o filho de Leonardo.<\/p>\n<p class=\"text\">Vale lembrar que o an\u00fancio foi feito pelo cantor, que\u00a0destacou o carinho que permanece entre as fam\u00edlias e afirmou que a escolha foi feita em comum acordo. Ele escreveu: &#8220;Nosso t\u00e9rmino n\u00e3o foi por briga, nada disso. Conversamos e vimos que o melhor era cada um seguir o seu caminho&#8221;.<\/p>\n<p>                            <script async src=\"\/\/www.instagram.com\/embed.js\"><\/script><\/p>\n","protected":false},"excerpt":{"rendered":"Ap\u00f3s adiar show devido \u00e0s fortes dores, Ana Castela tranquiliza f\u00e3s e exp\u00f5e poss\u00edvel diagn\u00f3stico; veja Por: Let\u00edcia&hellip;\n","protected":false},"author":2,"featured_media":225276,"comment_status":"","ping_status":"","sticky":false,"template":"","format":"standard","meta":{"footnotes":""},"categories":[145],"tags":[211,210,114,115,32,33],"class_list":{"0":"post-225275","1":"post","2":"type-post","3":"status-publish","4":"format-standard","5":"has-post-thumbnail","7":"category-celebridades","8":"tag-celebridades","9":"tag-celebrities","10":"tag-entertainment","11":"tag-entretenimento","12":"tag-portugal","13":"tag-pt"},"share_on_mastodon":{"url":"https:\/\/pubeurope.com\/@pt\/115878824708850528","error":""},"_links":{"self":[{"href":"https:\/\/www.europesays.com\/pt\/wp-json\/wp\/v2\/posts\/225275","targetHints":{"allow":["GET"]}}],"collection":[{"href":"https:\/\/www.europesays.com\/pt\/wp-json\/wp\/v2\/posts"}],"about":[{"href":"https:\/\/www.europesays.com\/pt\/wp-json\/wp\/v2\/types\/post"}],"author":[{"embeddable":true,"href":"https:\/\/www.europesays.com\/pt\/wp-json\/wp\/v2\/users\/2"}],"replies":[{"embeddable":true,"href":"https:\/\/www.europesays.com\/pt\/wp-json\/wp\/v2\/comments?post=225275"}],"version-history":[{"count":0,"href":"https:\/\/www.europesays.com\/pt\/wp-json\/wp\/v2\/posts\/225275\/revisions"}],"wp:featuredmedia":[{"embeddable":true,"href":"https:\/\/www.europesays.com\/pt\/wp-json\/wp\/v2\/media\/225276"}],"wp:attachment":[{"href":"https:\/\/www.europesays.com\/pt\/wp-json\/wp\/v2\/media?parent=225275"}],"wp:term":[{"taxonomy":"category","embeddable":true,"href":"https:\/\/www.europesays.com\/pt\/wp-json\/wp\/v2\/categories?post=225275"},{"taxonomy":"post_tag","embeddable":true,"href":"https:\/\/www.europesays.com\/pt\/wp-json\/wp\/v2\/tags?post=225275"}],"curies":[{"name":"wp","href":"https:\/\/api.w.org\/{rel}","templated":true}]}}