{"id":225343,"date":"2026-01-11T22:39:14","date_gmt":"2026-01-11T22:39:14","guid":{"rendered":"https:\/\/www.europesays.com\/pt\/225343\/"},"modified":"2026-01-11T22:39:14","modified_gmt":"2026-01-11T22:39:14","slug":"temperaturas-sobem-temporariamente-para-valores-acima-da-media","status":"publish","type":"post","link":"https:\/\/www.europesays.com\/pt\/225343\/","title":{"rendered":"temperaturas sobem (temporariamente) para valores acima da m\u00e9dia"},"content":{"rendered":"<p>Depois da passagem discreta da depress\u00e3o Goretti, que trouxe chuva t\u00edpica de inverno e neve residual apenas nas cotas mais elevadas, Portugal continental prepara-se para uma mudan\u00e7a atmosf\u00e9rica pouco habitual para a \u00e9poca. A partir deste domingo e, sobretudo, na segunda-feira, uma depress\u00e3o muito cavada dever\u00e1 posicionar-se a oeste do territ\u00f3rio continental, dando origem a um epis\u00f3dio meteorol\u00f3gico singular para o m\u00eas de janeiro.<\/p>\n<p>De acordo com o site meteorol\u00f3gico \u2018Tempo.pt\u2019, trata-se de um sistema com origem a mais de 4.000 quil\u00f3metros de dist\u00e2ncia, alimentado por ar tropical mar\u00edtimo proveniente da regi\u00e3o das Cara\u00edbas e do Golfo do M\u00e9xico. A temperatura elevada da superf\u00edcie do mar nessa zona do Atl\u00e2ntico permitir\u00e1 refor\u00e7ar a instabilidade associada \u00e0 depress\u00e3o, que n\u00e3o seguir\u00e1 o padr\u00e3o cl\u00e1ssico das frentes invernais habituais.<\/p>\n<p>A circula\u00e7\u00e3o desta depress\u00e3o ir\u00e1 estabelecer um fluxo persistente de sul e sudoeste, transportando para Portugal continental uma massa de ar h\u00famida e invulgarmente amena. O efeito mais imediato ser\u00e1 uma subida tempor\u00e1ria das temperaturas, sobretudo das m\u00ednimas, com valores entre 1 e 5 graus acima da m\u00e9dia climatol\u00f3gica de janeiro.<\/p>\n<p>As anomalias t\u00e9rmicas positivas dever\u00e3o ser mais evidentes no interior Norte e na regi\u00e3o de Lisboa e Vale do Tejo, criando um contraste marcado com o frio recente e com o padr\u00e3o t\u00edpico da esta\u00e7\u00e3o. Apesar de n\u00e3o se tratarem de valores extremos, esta eleva\u00e7\u00e3o t\u00e9rmica destaca-se pela sua origem e pelo momento do ano em que ocorre.<\/p>\n<p><strong>Chuva intensa e persistente no Norte e Centro<\/strong><\/p>\n<p>Outro elemento central deste epis\u00f3dio ser\u00e1 a precipita\u00e7\u00e3o. A partir de domingo e ao longo de segunda-feira, a chuva dever\u00e1 tornar-se frequente e, por vezes, intensa, sobretudo nas regi\u00f5es a norte do sistema Montejunto-Estrela. Os distritos mais expostos ser\u00e3o Viana do Castelo, Braga, Porto, Aveiro e Guarda, bem como sectores ocidentais de Vila Real e Viseu, com especial incid\u00eancia nas \u00e1reas a oeste da chamada Barreira de Condensa\u00e7\u00e3o e na Serra da Estrela.<\/p>\n<p>Est\u00e1 igualmente prevista nova precipita\u00e7\u00e3o generalizada na ter\u00e7a-feira, associada \u00e0 passagem de uma frente fria atl\u00e2ntica. Embora possa afetar outras regi\u00f5es do pa\u00eds, subsiste ainda incerteza quanto \u00e0 sua distribui\u00e7\u00e3o e intensidade no Centro e no Sul.<\/p>\n<p><strong>Um epis\u00f3dio curto, mas fora do normal<\/strong><\/p>\n<p>Este cen\u00e1rio dever\u00e1 ser tempor\u00e1rio. \u00c0 medida que a depress\u00e3o perder for\u00e7a e se deslocar, o ar tropical abandonar\u00e1 progressivamente o territ\u00f3rio nacional. Com a fraca insola\u00e7\u00e3o t\u00edpica do inverno, a Pen\u00ednsula Ib\u00e9rica tender\u00e1 a arrefecer novamente, criando uma massa de ar frio continental at\u00e9 \u00e0 chegada de novos sistemas atl\u00e2nticos.<\/p>\n<p>Ainda assim, a configura\u00e7\u00e3o atmosf\u00e9rica prevista para segunda-feira destaca-se como um epis\u00f3dio pouco comum em pleno inverno, tanto pela origem do ar quente como pela combina\u00e7\u00e3o de temperaturas acima da m\u00e9dia e precipita\u00e7\u00e3o significativa, marcando um arranque de semana meteorologicamente singular em Portugal continental.<\/p>\n","protected":false},"excerpt":{"rendered":"Depois da passagem discreta da depress\u00e3o Goretti, que trouxe chuva t\u00edpica de inverno e neve residual apenas nas&hellip;\n","protected":false},"author":2,"featured_media":78454,"comment_status":"","ping_status":"","sticky":false,"template":"","format":"standard","meta":{"footnotes":""},"categories":[10],"tags":[27,28,15,16,14,25,26,21,22,12,13,19,20,32,23,24,33,17,18,29,30,31],"class_list":{"0":"post-225343","1":"post","2":"type-post","3":"status-publish","4":"format-standard","5":"has-post-thumbnail","7":"category-portugal","8":"tag-breaking-news","9":"tag-breakingnews","10":"tag-featured-news","11":"tag-featurednews","12":"tag-headlines","13":"tag-latest-news","14":"tag-latestnews","15":"tag-main-news","16":"tag-mainnews","17":"tag-news","18":"tag-noticias","19":"tag-noticias-principais","20":"tag-noticiasprincipais","21":"tag-portugal","22":"tag-principais-noticias","23":"tag-principaisnoticias","24":"tag-pt","25":"tag-top-stories","26":"tag-topstories","27":"tag-ultimas","28":"tag-ultimas-noticias","29":"tag-ultimasnoticias"},"share_on_mastodon":{"url":"https:\/\/pubeurope.com\/@pt\/115878871923877509","error":""},"_links":{"self":[{"href":"https:\/\/www.europesays.com\/pt\/wp-json\/wp\/v2\/posts\/225343","targetHints":{"allow":["GET"]}}],"collection":[{"href":"https:\/\/www.europesays.com\/pt\/wp-json\/wp\/v2\/posts"}],"about":[{"href":"https:\/\/www.europesays.com\/pt\/wp-json\/wp\/v2\/types\/post"}],"author":[{"embeddable":true,"href":"https:\/\/www.europesays.com\/pt\/wp-json\/wp\/v2\/users\/2"}],"replies":[{"embeddable":true,"href":"https:\/\/www.europesays.com\/pt\/wp-json\/wp\/v2\/comments?post=225343"}],"version-history":[{"count":0,"href":"https:\/\/www.europesays.com\/pt\/wp-json\/wp\/v2\/posts\/225343\/revisions"}],"wp:featuredmedia":[{"embeddable":true,"href":"https:\/\/www.europesays.com\/pt\/wp-json\/wp\/v2\/media\/78454"}],"wp:attachment":[{"href":"https:\/\/www.europesays.com\/pt\/wp-json\/wp\/v2\/media?parent=225343"}],"wp:term":[{"taxonomy":"category","embeddable":true,"href":"https:\/\/www.europesays.com\/pt\/wp-json\/wp\/v2\/categories?post=225343"},{"taxonomy":"post_tag","embeddable":true,"href":"https:\/\/www.europesays.com\/pt\/wp-json\/wp\/v2\/tags?post=225343"}],"curies":[{"name":"wp","href":"https:\/\/api.w.org\/{rel}","templated":true}]}}