{"id":225344,"date":"2026-01-11T22:40:15","date_gmt":"2026-01-11T22:40:15","guid":{"rendered":"https:\/\/www.europesays.com\/pt\/225344\/"},"modified":"2026-01-11T22:40:15","modified_gmt":"2026-01-11T22:40:15","slug":"sondagem-marques-mendes-excluido-de-empate-a-quatro-observador","status":"publish","type":"post","link":"https:\/\/www.europesays.com\/pt\/225344\/","title":{"rendered":"Sondagem. Marques Mendes exclu\u00eddo de empate a quatro \u2013 Observador"},"content":{"rendered":"<p>Ant\u00f3nio Jos\u00e9 Seguro mant\u00e9m a lideran\u00e7a das sondagens di\u00e1rias da <a href=\"https:\/\/cnnportugal.iol.pt\/tracking-poll\/tracking-poll-2026\/tracking-poll-dia-7-seguro-e-cotrim-colados-no-topo-no-dia-em-que-mendes-sai-do-empate-tecnico-e-ventura-passa-a-favorito\/20260111\/6963eef4d34e0ec52ec1f6c7\" rel=\"nofollow noopener\" target=\"_blank\">Pitag\u00f3rica para a CNN Portugal, TVI, JN e TSF<\/a>. Nos resultados publicados este domingo, o eurodeputado e candidato presidencial apoiado pela Iniciativa Liberal, Jo\u00e3o Cotrim de Figueiredo continua em segundo lugar.<\/p>\n<p>Andr\u00e9 Ventura permanece no terceiro lugar, tal como nos dados divulgados no s\u00e1bado, e continua a ser seguido por Henrique Gouveia e Melo, sempre dentro da margem de erro. A grande novidade \u00e9 Lu\u00eds Marques Mendes, que apesar de continuar em quinto lugar, deixa de estar envolvido no empate t\u00e9cnico, que agora se limita aos quatro primeiros candidatos.<\/p>\n<ol>\n<li>Ant\u00f3nio Jos\u00e9 Seguro \u2013 21,4%<\/li>\n<li>Jo\u00e3o Cotrim de Figueiredo \u2013 21,1%<\/li>\n<li>Andr\u00e9 Ventura \u2013 19,7%<\/li>\n<li>Henrique Gouveia e Melo \u2013 17,0%<\/li>\n<li>Lu\u00eds Marques Mendes \u2013 14,5%<\/li>\n<li>Catarina Martins \u2013 2,6%<\/li>\n<li>Ant\u00f3nio Filipe \u2013 2%<\/li>\n<li>Jorge Pinto \u2013 0,9%<\/li>\n<li>Manuel Jo\u00e3o Vieira \u2013 0,7%<\/li>\n<\/ol>\n<p>Para os resultados conhecidos este domingo, foi recolhida uma amostra de 608 entrevistas durante os dias 8, 9 e 10 de janeiro de 2026, com um grau de confian\u00e7a de 95,5%, o que corresponde a uma margem de erro m\u00e1xima de \u00b14,06%.<\/p>\n","protected":false},"excerpt":{"rendered":"Ant\u00f3nio Jos\u00e9 Seguro mant\u00e9m a lideran\u00e7a das sondagens di\u00e1rias da Pitag\u00f3rica para a CNN Portugal, TVI, JN e&hellip;\n","protected":false},"author":2,"featured_media":225345,"comment_status":"","ping_status":"","sticky":false,"template":"","format":"standard","meta":{"footnotes":""},"categories":[8],"tags":[27,28,1077,15,16,14,25,26,21,22,12,13,19,20,302,32,1076,23,24,33,58,7585,17,18,29,30,31],"class_list":{"0":"post-225344","1":"post","2":"type-post","3":"status-publish","4":"format-standard","5":"has-post-thumbnail","7":"category-principais-noticias","8":"tag-breaking-news","9":"tag-breakingnews","10":"tag-eleiu00e7u00f5es","11":"tag-featured-news","12":"tag-featurednews","13":"tag-headlines","14":"tag-latest-news","15":"tag-latestnews","16":"tag-main-news","17":"tag-mainnews","18":"tag-news","19":"tag-noticias","20":"tag-noticias-principais","21":"tag-noticiasprincipais","22":"tag-polu00edtica","23":"tag-portugal","24":"tag-presidenciais-2026","25":"tag-principais-noticias","26":"tag-principaisnoticias","27":"tag-pt","28":"tag-sociedade","29":"tag-sondagens","30":"tag-top-stories","31":"tag-topstories","32":"tag-ultimas","33":"tag-ultimas-noticias","34":"tag-ultimasnoticias"},"share_on_mastodon":{"url":"https:\/\/pubeurope.com\/@pt\/115878875940071792","error":""},"_links":{"self":[{"href":"https:\/\/www.europesays.com\/pt\/wp-json\/wp\/v2\/posts\/225344","targetHints":{"allow":["GET"]}}],"collection":[{"href":"https:\/\/www.europesays.com\/pt\/wp-json\/wp\/v2\/posts"}],"about":[{"href":"https:\/\/www.europesays.com\/pt\/wp-json\/wp\/v2\/types\/post"}],"author":[{"embeddable":true,"href":"https:\/\/www.europesays.com\/pt\/wp-json\/wp\/v2\/users\/2"}],"replies":[{"embeddable":true,"href":"https:\/\/www.europesays.com\/pt\/wp-json\/wp\/v2\/comments?post=225344"}],"version-history":[{"count":0,"href":"https:\/\/www.europesays.com\/pt\/wp-json\/wp\/v2\/posts\/225344\/revisions"}],"wp:featuredmedia":[{"embeddable":true,"href":"https:\/\/www.europesays.com\/pt\/wp-json\/wp\/v2\/media\/225345"}],"wp:attachment":[{"href":"https:\/\/www.europesays.com\/pt\/wp-json\/wp\/v2\/media?parent=225344"}],"wp:term":[{"taxonomy":"category","embeddable":true,"href":"https:\/\/www.europesays.com\/pt\/wp-json\/wp\/v2\/categories?post=225344"},{"taxonomy":"post_tag","embeddable":true,"href":"https:\/\/www.europesays.com\/pt\/wp-json\/wp\/v2\/tags?post=225344"}],"curies":[{"name":"wp","href":"https:\/\/api.w.org\/{rel}","templated":true}]}}