{"id":225350,"date":"2026-01-11T22:55:07","date_gmt":"2026-01-11T22:55:07","guid":{"rendered":"https:\/\/www.europesays.com\/pt\/225350\/"},"modified":"2026-01-11T22:55:07","modified_gmt":"2026-01-11T22:55:07","slug":"comissario-europeu-defende-criacao-de-forca-militar-europeia-permanente-de-100-mil-soldados","status":"publish","type":"post","link":"https:\/\/www.europesays.com\/pt\/225350\/","title":{"rendered":"Comiss\u00e1rio europeu defende cria\u00e7\u00e3o de for\u00e7a militar europeia permanente de 100 mil soldados"},"content":{"rendered":"<p data-remotead-prev-elm=\"true\" data-remotead-elm-id=\"inread\">Numa confer\u00eancia sobre seguran\u00e7a, que decorreu na cidade sueca de S\u00e4len, Andrius Kubilius interveio no painel &#8220;Europa sob Press\u00e3o&#8221; e afirmou que o refor\u00e7o do investimento na \u00e1rea da defesa por parte da Uni\u00e3o Europeia (UE) deve passar por &#8220;agir como Europa e n\u00e3o apenas como uma cole\u00e7\u00e3o de 27 &#8216;ex\u00e9rcitos bonsai&#8217; nacionais&#8221;, como disse em tempos o antigo chefe da diplomacia da UE, Josep Borrell.<\/p>\n<p>&#8220;A falta de unidade \u00e9 o nosso problema&#8221;, declarou o comiss\u00e1rio europeu da Defesa, falando sobre o que a UE deve fazer para dar &#8220;um grande salto&#8221; nas despesas com a defesa, de forma a alcan\u00e7ar &#8220;um progresso mais radical&#8221; do que apenas o rearmamento.<\/p>\n<p>Kubilius questionou se os Estados Unidos da Am\u00e9rica (EUA) seriam militarmente mais fortes se tivessem 50 ex\u00e9rcitos a n\u00edvel estatal em vez de um \u00fanico ex\u00e9rcito federal, 50 pol\u00edticas e or\u00e7amentos de defesa estatais em vez de uma \u00fanica pol\u00edtica e or\u00e7amento de defesa federal: &#8220;Se a nossa resposta for &#8216;n\u00e3o&#8217;, os EUA n\u00e3o seriam mais fortes, ent\u00e3o de que estamos \u00e0 espera?&#8221;<\/p>\n<p data-remotead-prev-elm=\"true\" data-remotead-elm-id=\"centro1\">O comiss\u00e1rio europeu, antigo primeiro-ministro da Litu\u00e2nia, citou um artigo recente do jornal Politico que revela que &#8220;em Espanha, B\u00e9lgica e Alemanha, cerca de 70% dos cidad\u00e3os preferem que a defesa dos seus pa\u00edses seja feita por um ex\u00e9rcito europeu em vez de um ex\u00e9rcito nacional (10%) ou da NATO (12%)&#8221;.<\/p>\n<p>O pol\u00edtico lituano insistiu que n\u00e3o se deviam evitar quest\u00f5es inc\u00f3modas, incluindo a forma como a UE criaria &#8220;um pilar europeu&#8221; da NATO &#8211; Organiza\u00e7\u00e3o do Tratado do Atl\u00e2ntico Norte, quem seria o comandante supremo europeu e o que aconteceria \u00e0s capacidades de comando e controlo europeias e aos quart\u00e9is-generais europeus caso as tropas norte-americanas se retirassem da Europa.<\/p>\n<p>&#8220;E, mais importante: como iremos substituir a for\u00e7a militar permanente dos EUA, composta por 100 mil militares, que constitui a espinha dorsal da defesa militar na Europa? [&#8230;] Quem constituir\u00e1 a nossa espinha dorsal militar europeia permanente: os alem\u00e3es? Uma cole\u00e7\u00e3o de 27 ex\u00e9rcitos? [&#8230;] Ex\u00e9rcitos como bonsai, ex\u00e9rcitos que parecem bons, mas s\u00e3o reduzidos?&#8221;, enfatizou o comiss\u00e1rio.<\/p>\n<p data-remotead-prev-elm=\"true\" data-remotead-elm-id=\"centro2\">Como resposta a estas quest\u00f5es, Kubilius fez renascer a proposta feita h\u00e1 quase dez anos por tr\u00eas l\u00edderes europeus, nomeadamente Jean-Claude Juncker (ex-presidente da Comiss\u00e3o Europeia), Emmanuel Macron (presidente franc\u00eas) e Angela Merkel (chanceler alem\u00e3), e que tem o apoio de especialistas e cidad\u00e3os europeus: &#8220;a cria\u00e7\u00e3o de uma poderosa for\u00e7a militar europeia permanente de 100 mil soldados&#8221;.<\/p>\n<p>Estas declara\u00e7\u00f5es surgem numa altura em que as persistentes observa\u00e7\u00f5es do presidente norte-americano, Donald Trump, sobre a sua ambi\u00e7\u00e3o de anexar a Gronel\u00e2ndia alimentam receios entre os l\u00edderes da NATO sobre a fiabilidade da alian\u00e7a com Washington.<\/p>\n<p>As preocupa\u00e7\u00f5es com a postura de Donald Trump em rela\u00e7\u00e3o \u00e0 Europa j\u00e1 levaram os pa\u00edses a intensificar os seus esfor\u00e7os para refor\u00e7ar as suas for\u00e7as armadas contra a amea\u00e7a russa.<\/p>\n<p data-remotead-prev-elm=\"true\" data-remotead-elm-id=\"centro3\">Embora a ideia de criar um ex\u00e9rcito europeu n\u00e3o seja nova, at\u00e9 agora n\u00e3o conseguiu ganhar for\u00e7a, uma vez que os governos dos 27 pa\u00edses da UE se t\u00eam mostrado relutantes em abdicar do controlo das suas for\u00e7as armadas.<\/p>\n<p>Washington instou os seus aliados europeus a assumirem uma maior responsabilidade pela sua pr\u00f3pria seguran\u00e7a, levantando a possibilidade de redistribuir tropas estacionadas na Europa para se concentrarem na China.<\/p>\n<p>Considerando que, neste contexto, a UE n\u00e3o pode fugir \u00e0s quest\u00f5es mais prementes relativas \u00e0 capacidade institucional de defesa, o comiss\u00e1rio europeu Kubilius refor\u00e7ou a ideia de criar um Conselho de Seguran\u00e7a Europeu, proposta que apresentou durante a sua visita a Portugal durante esta semana.<\/p>\n","protected":false},"excerpt":{"rendered":"Numa confer\u00eancia sobre seguran\u00e7a, que decorreu na cidade sueca de S\u00e4len, Andrius Kubilius interveio no painel &#8220;Europa sob&hellip;\n","protected":false},"author":2,"featured_media":225351,"comment_status":"","ping_status":"","sticky":false,"template":"","format":"standard","meta":{"footnotes":""},"categories":[50],"tags":[27,28,2537,15,16,14,25,26,21,22,62,12,13,19,20,23,24,17,18,29,30,31,636,63,64,65],"class_list":{"0":"post-225350","1":"post","2":"type-post","3":"status-publish","4":"format-standard","5":"has-post-thumbnail","7":"category-mundo","8":"tag-breaking-news","9":"tag-breakingnews","10":"tag-defesa","11":"tag-featured-news","12":"tag-featurednews","13":"tag-headlines","14":"tag-latest-news","15":"tag-latestnews","16":"tag-main-news","17":"tag-mainnews","18":"tag-mundo","19":"tag-news","20":"tag-noticias","21":"tag-noticias-principais","22":"tag-noticiasprincipais","23":"tag-principais-noticias","24":"tag-principaisnoticias","25":"tag-top-stories","26":"tag-topstories","27":"tag-ultimas","28":"tag-ultimas-noticias","29":"tag-ultimasnoticias","30":"tag-uniao-europeia","31":"tag-world","32":"tag-world-news","33":"tag-worldnews"},"share_on_mastodon":{"url":"https:\/\/pubeurope.com\/@pt\/115878934875349613","error":""},"_links":{"self":[{"href":"https:\/\/www.europesays.com\/pt\/wp-json\/wp\/v2\/posts\/225350","targetHints":{"allow":["GET"]}}],"collection":[{"href":"https:\/\/www.europesays.com\/pt\/wp-json\/wp\/v2\/posts"}],"about":[{"href":"https:\/\/www.europesays.com\/pt\/wp-json\/wp\/v2\/types\/post"}],"author":[{"embeddable":true,"href":"https:\/\/www.europesays.com\/pt\/wp-json\/wp\/v2\/users\/2"}],"replies":[{"embeddable":true,"href":"https:\/\/www.europesays.com\/pt\/wp-json\/wp\/v2\/comments?post=225350"}],"version-history":[{"count":0,"href":"https:\/\/www.europesays.com\/pt\/wp-json\/wp\/v2\/posts\/225350\/revisions"}],"wp:featuredmedia":[{"embeddable":true,"href":"https:\/\/www.europesays.com\/pt\/wp-json\/wp\/v2\/media\/225351"}],"wp:attachment":[{"href":"https:\/\/www.europesays.com\/pt\/wp-json\/wp\/v2\/media?parent=225350"}],"wp:term":[{"taxonomy":"category","embeddable":true,"href":"https:\/\/www.europesays.com\/pt\/wp-json\/wp\/v2\/categories?post=225350"},{"taxonomy":"post_tag","embeddable":true,"href":"https:\/\/www.europesays.com\/pt\/wp-json\/wp\/v2\/tags?post=225350"}],"curies":[{"name":"wp","href":"https:\/\/api.w.org\/{rel}","templated":true}]}}