{"id":225364,"date":"2026-01-11T23:10:33","date_gmt":"2026-01-11T23:10:33","guid":{"rendered":"https:\/\/www.europesays.com\/pt\/225364\/"},"modified":"2026-01-11T23:10:33","modified_gmt":"2026-01-11T23:10:33","slug":"gouveia-e-melo-com-comicio-hoje-em-ponte-de-lima-e-seguro-vai-ao-teatro-a-viana","status":"publish","type":"post","link":"https:\/\/www.europesays.com\/pt\/225364\/","title":{"rendered":"Gouveia e Melo com com\u00edcio hoje em Ponte de Lima (e Seguro vai ao teatro a Viana)"},"content":{"rendered":"<p>O voto antecipado por mobilidade realiza-se hoje quando falta uma semana para as elei\u00e7\u00f5es presidenciais e com a maioria dos candidatos a concentrarem as a\u00e7\u00f5es de campanha no Norte do pa\u00eds.<\/p>\n<p>&#13;<br \/>\n&#13;<br \/>\n&#13;<\/p>\n<p>Mais de 218 mil eleitores est\u00e3o inscritos para votar hoje antecipadamente nas elei\u00e7\u00f5es presidenciais do pr\u00f3ximo domingo, podendo exercer o direito de voto no munic\u00edpio escolhido.<\/p>\n<p>Ao oitavo dia da campanha, Ant\u00f3nio Jos\u00e9 Seguro, apoiado pelo PS, visita pela manh\u00e3 o mercado de Angeiras, em Matosinhos, seguindo depois para Aveiro onde almo\u00e7a e contacta com popula\u00e7\u00e3o e ao fim da tarde tem uma sess\u00e3o no Teatro Municipal S\u00e1 de Miranda, em Viana do Castelo.<\/p>\n<p>Tamb\u00e9m pelo distrito de Aveiro vai passar o candidato apoiado pelo PSD e pelo CDS, Lu\u00eds Marques Mendes, que de manh\u00e3 contacta a popula\u00e7\u00e3o na Praia do Furadouro, almo\u00e7a com apoiantes em S\u00e3o Jo\u00e3o da Madeira e ao fim da tarda ruma ao distrito de Viseu para contactar a popula\u00e7\u00e3o e ter um encontro com apoiantes em Lamego.<\/p>\n<p>O presidente do Chega e candidato presidencial Andr\u00e9 Ventura vai tamb\u00e9m estar nos distritos de Viseu e Aveiro, onde ao fim da manh\u00e3 e ao fim da tarde tem arruadas nas respetivas capitais de distrito.<\/p>\n<p>Henrique Gouveia e Melo ruma ao distrito de Bragan\u00e7a para visitar a Feira Gastron\u00f3mica de Boticas e contactar com a popula\u00e7\u00e3o em Chaves, deslocando-se depois para o distrito de Viana do Castelo onde tem um com\u00edcio em Ponte de Lima.<\/p>\n<p>Jorge Pinto, apoiado pelo Livre, vai estar hoje de manh\u00e3 em Aveiro, onde contacta com a popula\u00e7\u00e3o, e passa o resto dia em Coimbra, onde re\u00fane com a Associa\u00e7\u00e3o Acad\u00e9mica de Coimbra, visita a Exposi\u00e7\u00e3o \u201c4 Elementos \u2013 Cuidar de um Pa\u00eds\u201d e tem um com\u00edcio que conta com os porta-vozes do Livre Rui Tavares e Isabel Mendes Lopes.<\/p>\n<p>A candidata apoiada pelo BE Catarina Martins tamb\u00e9m estar\u00e1 em Coimbra para visitar, durante a manh\u00e3, os \u2018mercadinhos da margem esquerda\u2019 no Centro Ci\u00eancia Viva da Universidade de Coimbra, rumando de seguida at\u00e9 ao Porto, onde ao fim da tarde visita o \u201claborat\u00f3rio da felicidade\u201d.<\/p>\n<p>Pelo sul do pa\u00eds vai estar Jo\u00e3o Cotrim Figueiredo, apoiado pela Iniciativa Liberal, que vai visitar o mercado do Livramento, em Set\u00fabal, e almo\u00e7a com o embaixador da Dinamarca em Lisboa.<\/p>\n<p>Ant\u00f3nio Filipe, apoiado pelo PCP, vai passar o dia em Lisboa, onde de manh\u00e3 tem uma conversa \u201csobre crian\u00e7as e pais com direitos\u201d na Voz do Oper\u00e1rio e, \u00e0 tarde, um com\u00edcio, no Pavilh\u00e3o Municipal do Casal Vistoso.<\/p>\n<p>O candidato Andr\u00e9 Pestana tem uma a\u00e7\u00e3o em Coimbra sobre fogos, designada \u201cO combate aos inc\u00eandios tem de se fazer durante todo o ano\u201d.<\/p>\n<p>Concorrem tamb\u00e9m \u00e0s elei\u00e7\u00f5es presidenciais de 18 de janeiro o pintor Humberto Correia e o m\u00fasico Manuel Jo\u00e3o Vieira.\u00a0<\/p>\n<p>O vencedor deste sufr\u00e1gio vai suceder a Marcelo Rebelo de Sousa, eleito em 2016 e que termina o seu mandato em mar\u00e7o.<\/p>\n<p>Caso nenhum dos candidatos tenha maioria absoluta, haver\u00e1 uma segunda volta em 08 de fevereiro, \u00e0 qual concorrer\u00e3o apenas os dois candidatos mais votados.<\/p>\n","protected":false},"excerpt":{"rendered":"O voto antecipado por mobilidade realiza-se hoje quando falta uma semana para as elei\u00e7\u00f5es presidenciais e com a&hellip;\n","protected":false},"author":2,"featured_media":225365,"comment_status":"","ping_status":"","sticky":false,"template":"","format":"standard","meta":{"footnotes":""},"categories":[10],"tags":[27,28,15,16,14,25,26,21,22,12,13,19,20,32,23,24,33,17,18,29,30,31],"class_list":{"0":"post-225364","1":"post","2":"type-post","3":"status-publish","4":"format-standard","5":"has-post-thumbnail","7":"category-portugal","8":"tag-breaking-news","9":"tag-breakingnews","10":"tag-featured-news","11":"tag-featurednews","12":"tag-headlines","13":"tag-latest-news","14":"tag-latestnews","15":"tag-main-news","16":"tag-mainnews","17":"tag-news","18":"tag-noticias","19":"tag-noticias-principais","20":"tag-noticiasprincipais","21":"tag-portugal","22":"tag-principais-noticias","23":"tag-principaisnoticias","24":"tag-pt","25":"tag-top-stories","26":"tag-topstories","27":"tag-ultimas","28":"tag-ultimas-noticias","29":"tag-ultimasnoticias"},"share_on_mastodon":{"url":"https:\/\/pubeurope.com\/@pt\/115878994200927565","error":""},"_links":{"self":[{"href":"https:\/\/www.europesays.com\/pt\/wp-json\/wp\/v2\/posts\/225364","targetHints":{"allow":["GET"]}}],"collection":[{"href":"https:\/\/www.europesays.com\/pt\/wp-json\/wp\/v2\/posts"}],"about":[{"href":"https:\/\/www.europesays.com\/pt\/wp-json\/wp\/v2\/types\/post"}],"author":[{"embeddable":true,"href":"https:\/\/www.europesays.com\/pt\/wp-json\/wp\/v2\/users\/2"}],"replies":[{"embeddable":true,"href":"https:\/\/www.europesays.com\/pt\/wp-json\/wp\/v2\/comments?post=225364"}],"version-history":[{"count":0,"href":"https:\/\/www.europesays.com\/pt\/wp-json\/wp\/v2\/posts\/225364\/revisions"}],"wp:featuredmedia":[{"embeddable":true,"href":"https:\/\/www.europesays.com\/pt\/wp-json\/wp\/v2\/media\/225365"}],"wp:attachment":[{"href":"https:\/\/www.europesays.com\/pt\/wp-json\/wp\/v2\/media?parent=225364"}],"wp:term":[{"taxonomy":"category","embeddable":true,"href":"https:\/\/www.europesays.com\/pt\/wp-json\/wp\/v2\/categories?post=225364"},{"taxonomy":"post_tag","embeddable":true,"href":"https:\/\/www.europesays.com\/pt\/wp-json\/wp\/v2\/tags?post=225364"}],"curies":[{"name":"wp","href":"https:\/\/api.w.org\/{rel}","templated":true}]}}