{"id":225371,"date":"2026-01-11T23:18:08","date_gmt":"2026-01-11T23:18:08","guid":{"rendered":"https:\/\/www.europesays.com\/pt\/225371\/"},"modified":"2026-01-11T23:18:08","modified_gmt":"2026-01-11T23:18:08","slug":"video-old-trafford-aplaude-jovem-do-man-united-expulso-por-protestos","status":"publish","type":"post","link":"https:\/\/www.europesays.com\/pt\/225371\/","title":{"rendered":"V\u00cdDEO: Old Trafford aplaude jovem do Man. United expulso por protestos"},"content":{"rendered":"<p>O jogo entre Manchester United e Brighton terminou com a derrota dos\u00a0red devils, mas um dos momentos do encontro foi a expuls\u00e3o de Shea Lacey, devido a protestos.<\/p>\n<p>Tudo aconteceu nos \u00faltimos minutos do jogo, quando o Manchester United procurava chegar ao empate. O jovem avan\u00e7ado j\u00e1 tinha cart\u00e3o amarelo e acabou por ver o vermelho, ap\u00f3s socar a bola contra a relva. Perante esta rea\u00e7\u00e3o, a plateia de Old Trafford aplaudiu o atleta, que deixou as quatro linhas completamente inconsol\u00e1vel.\u00a0<\/p>\n<blockquote class=\"twitter-tweet\" data-media-max-width=\"560\">\n<p lang=\"pt\">O jovem Lacey foi expulso j\u00e1 perto do final e ficou inconsol\u00e1vel \ud83d\udc94<a href=\"https:\/\/twitter.com\/hashtag\/sporttvportugal?src=hash&amp;ref_src=twsrc%5Etfw\" rel=\"nofollow noopener\" target=\"_blank\">#sporttvportugal<\/a> <a href=\"https:\/\/twitter.com\/hashtag\/TA%C3%87AnaSPORTTV?src=hash&amp;ref_src=twsrc%5Etfw\" rel=\"nofollow noopener\" target=\"_blank\">#TA\u00c7AnaSPORTTV<\/a> <a href=\"https:\/\/twitter.com\/hashtag\/Ta%C3%A7adeInglaterra?src=hash&amp;ref_src=twsrc%5Etfw\" rel=\"nofollow noopener\" target=\"_blank\">#Ta\u00e7adeInglaterra<\/a> <a href=\"https:\/\/twitter.com\/hashtag\/ManchesterUnited?src=hash&amp;ref_src=twsrc%5Etfw\" rel=\"nofollow noopener\" target=\"_blank\">#ManchesterUnited<\/a> <a href=\"https:\/\/twitter.com\/hashtag\/Brighton?src=hash&amp;ref_src=twsrc%5Etfw\" rel=\"nofollow noopener\" target=\"_blank\">#Brighton<\/a> <a href=\"https:\/\/t.co\/fJFGxAwUyX\" rel=\"nofollow\">pic.twitter.com\/fJFGxAwUyX<\/a><\/p>\n<p> \u2014 sport tv (@sporttvportugal)<br \/>\n  <a href=\"https:\/\/twitter.com\/sporttvportugal\/status\/2010422074603450719?ref_src=twsrc%5Etfw\" rel=\"nofollow noopener\" target=\"_blank\">January 11, 2026<\/a>\n <\/p><\/blockquote>\n<p>                                <script async src=\"https:\/\/platform.twitter.com\/widgets.js\" charset=\"utf-8\"><\/script><\/p>\n","protected":false},"excerpt":{"rendered":"O jogo entre Manchester United e Brighton terminou com a derrota dos\u00a0red devils, mas um dos momentos do&hellip;\n","protected":false},"author":2,"featured_media":225372,"comment_status":"","ping_status":"","sticky":false,"template":"","format":"standard","meta":{"footnotes":""},"categories":[87],"tags":[8761,135,743,665,46,663,32,33,47,43387,134,30928],"class_list":{"0":"post-225371","1":"post","2":"type-post","3":"status-publish","4":"format-standard","5":"has-post-thumbnail","7":"category-desporto","8":"tag-brighton","9":"tag-desporto","10":"tag-expulsao","11":"tag-inglaterra","12":"tag-maisfutebol","13":"tag-manchester-united","14":"tag-portugal","15":"tag-pt","16":"tag-pura-paixao","17":"tag-shea-lacey","18":"tag-sports","19":"tag-taca-de-inglaterra"},"share_on_mastodon":{"url":"https:\/\/pubeurope.com\/@pt\/115879025350141405","error":""},"_links":{"self":[{"href":"https:\/\/www.europesays.com\/pt\/wp-json\/wp\/v2\/posts\/225371","targetHints":{"allow":["GET"]}}],"collection":[{"href":"https:\/\/www.europesays.com\/pt\/wp-json\/wp\/v2\/posts"}],"about":[{"href":"https:\/\/www.europesays.com\/pt\/wp-json\/wp\/v2\/types\/post"}],"author":[{"embeddable":true,"href":"https:\/\/www.europesays.com\/pt\/wp-json\/wp\/v2\/users\/2"}],"replies":[{"embeddable":true,"href":"https:\/\/www.europesays.com\/pt\/wp-json\/wp\/v2\/comments?post=225371"}],"version-history":[{"count":0,"href":"https:\/\/www.europesays.com\/pt\/wp-json\/wp\/v2\/posts\/225371\/revisions"}],"wp:featuredmedia":[{"embeddable":true,"href":"https:\/\/www.europesays.com\/pt\/wp-json\/wp\/v2\/media\/225372"}],"wp:attachment":[{"href":"https:\/\/www.europesays.com\/pt\/wp-json\/wp\/v2\/media?parent=225371"}],"wp:term":[{"taxonomy":"category","embeddable":true,"href":"https:\/\/www.europesays.com\/pt\/wp-json\/wp\/v2\/categories?post=225371"},{"taxonomy":"post_tag","embeddable":true,"href":"https:\/\/www.europesays.com\/pt\/wp-json\/wp\/v2\/tags?post=225371"}],"curies":[{"name":"wp","href":"https:\/\/api.w.org\/{rel}","templated":true}]}}