{"id":225373,"date":"2026-01-11T23:19:27","date_gmt":"2026-01-11T23:19:27","guid":{"rendered":"https:\/\/www.europesays.com\/pt\/225373\/"},"modified":"2026-01-11T23:19:27","modified_gmt":"2026-01-11T23:19:27","slug":"cafe-pode-ajudar-a-reduzir-a-gordura-corporal-e-risco-de-diabetes-noticias-de-coimbra","status":"publish","type":"post","link":"https:\/\/www.europesays.com\/pt\/225373\/","title":{"rendered":"Caf\u00e9 pode ajudar a reduzir a gordura corporal e risco de diabetes \u2013 Not\u00edcias de Coimbra"},"content":{"rendered":"<p><strong>N\u00edveis elevados de cafe\u00edna no sangue podem estar ligados a uma menor quantidade de gordura corporal, o que, por sua vez, pode reduzir o risco de desenvolver diabetes tipo 2 e doen\u00e7as cardiovasculares, segundo um estudo realizado em 2023.<\/strong><\/p>\n<p>PUBLICIDADE<\/p>\n<p>\t\t\t\t\t\t<a class=\"publicidade-imagem d-flex justify-content-center\" href=\"https:\/\/www.recenseamento.pt\/?utm_source=noticiasdecoimbrapt&amp;utm_medium=display&amp;utm_content=mrec&amp;utm_campaign=presidenciais26_primeiravolta\" rel=\"nofollow noopener\" target=\"_blank\"><br \/>\n\t\t\t\t\t\t  <img loading=\"lazy\" width=\"300\" height=\"250\" decoding=\"async\" src=\"https:\/\/www.europesays.com\/pt\/wp-content\/uploads\/2026\/01\/MOP-6seg-300x250_1.gif\" alt=\"publicidade\" class=\"img-fluid\"\/><br \/>\n\t\t\t\t\t\t<\/a><\/p>\n<p>A pesquisa, conduzida por uma equipa internacional do Karolinska Institute (Su\u00e9cia), University of Bristol (Reino Unido) e Imperial College London (Reino Unido), utilizou marcadores gen\u00e9ticos para estabelecer uma liga\u00e7\u00e3o mais clara entre os n\u00edveis de cafe\u00edna no sangue, o \u00edndice de massa corporal (IMC) e o risco de diabetes tipo 2.<\/p>\n<p>O estudo revelou que as pessoas com concentra\u00e7\u00f5es mais elevadas de cafe\u00edna no plasma tendem a ter um IMC mais baixo e menor massa de gordura corporal. Al\u00e9m disso, esses n\u00edveis de cafe\u00edna est\u00e3o associados a um risco reduzido de desenvolver diabetes tipo 2, com aproximadamente metade do efeito da cafe\u00edna sobre o risco de diabetes mediado pela redu\u00e7\u00e3o do IMC.<\/p>\n<p>A pesquisa, que envolveu quase 10.000 pessoas, usou a randomiza\u00e7\u00e3o Mendeliana para entender a rela\u00e7\u00e3o causal entre varia\u00e7\u00f5es gen\u00e9ticas que influenciam a forma como a cafe\u00edna \u00e9 metabolizada, doen\u00e7as como o diabetes e o peso corporal. Embora o estudo tenha mostrado uma liga\u00e7\u00e3o significativa entre os n\u00edveis de cafe\u00edna, IMC e risco de diabetes tipo 2, n\u00e3o foi encontrada rela\u00e7\u00e3o entre cafe\u00edna e doen\u00e7as cardiovasculares, como fibrila\u00e7\u00e3o atrial, insufici\u00eancia card\u00edaca ou AVC, escreve o <a href=\"https:\/\/www.sciencealert.com\/caffeine-in-your-blood-might-affect-body-fat-and-diabetes-risk-study-shows\" data-type=\"link\" data-id=\"https:\/\/www.sciencealert.com\/caffeine-in-your-blood-might-affect-body-fat-and-diabetes-risk-study-shows\" rel=\"nofollow noopener\" target=\"_blank\">Science Alert.<\/a><\/p>\n<p>Os investigadores sugerem que bebidas com cafe\u00edna sem calorias podem ser exploradas como uma poss\u00edvel ferramenta para reduzir a gordura corporal, embora os efeitos de longo prazo do consumo de cafe\u00edna ainda n\u00e3o sejam totalmente conhecidos. A pesquisa ressalta que, embora o caf\u00e9 possa ter benef\u00edcios para a sa\u00fade, \u00e9 importante equilibrar os efeitos positivos e negativos da cafe\u00edna no organismo.<\/p>\n<p>Embora o estudo tenha envolvido uma amostra grande, os cientistas alertam que mais pesquisas s\u00e3o necess\u00e1rias para confirmar essas descobertas e para avaliar se bebidas com cafe\u00edna sem calorias podem realmente ajudar na preven\u00e7\u00e3o da obesidade e diabetes tipo 2.<\/p>\n<p>A pesquisa foi publicada no BMJ Medicine.<\/p>\n","protected":false},"excerpt":{"rendered":"N\u00edveis elevados de cafe\u00edna no sangue podem estar ligados a uma menor quantidade de gordura corporal, o que,&hellip;\n","protected":false},"author":2,"featured_media":225374,"comment_status":"","ping_status":"","sticky":false,"template":"","format":"standard","meta":{"footnotes":""},"categories":[86],"tags":[116,32,33,117],"class_list":{"0":"post-225373","1":"post","2":"type-post","3":"status-publish","4":"format-standard","5":"has-post-thumbnail","7":"category-saude","8":"tag-health","9":"tag-portugal","10":"tag-pt","11":"tag-saude"},"share_on_mastodon":{"url":"https:\/\/pubeurope.com\/@pt\/115879029141939952","error":""},"_links":{"self":[{"href":"https:\/\/www.europesays.com\/pt\/wp-json\/wp\/v2\/posts\/225373","targetHints":{"allow":["GET"]}}],"collection":[{"href":"https:\/\/www.europesays.com\/pt\/wp-json\/wp\/v2\/posts"}],"about":[{"href":"https:\/\/www.europesays.com\/pt\/wp-json\/wp\/v2\/types\/post"}],"author":[{"embeddable":true,"href":"https:\/\/www.europesays.com\/pt\/wp-json\/wp\/v2\/users\/2"}],"replies":[{"embeddable":true,"href":"https:\/\/www.europesays.com\/pt\/wp-json\/wp\/v2\/comments?post=225373"}],"version-history":[{"count":0,"href":"https:\/\/www.europesays.com\/pt\/wp-json\/wp\/v2\/posts\/225373\/revisions"}],"wp:featuredmedia":[{"embeddable":true,"href":"https:\/\/www.europesays.com\/pt\/wp-json\/wp\/v2\/media\/225374"}],"wp:attachment":[{"href":"https:\/\/www.europesays.com\/pt\/wp-json\/wp\/v2\/media?parent=225373"}],"wp:term":[{"taxonomy":"category","embeddable":true,"href":"https:\/\/www.europesays.com\/pt\/wp-json\/wp\/v2\/categories?post=225373"},{"taxonomy":"post_tag","embeddable":true,"href":"https:\/\/www.europesays.com\/pt\/wp-json\/wp\/v2\/tags?post=225373"}],"curies":[{"name":"wp","href":"https:\/\/api.w.org\/{rel}","templated":true}]}}