{"id":225377,"date":"2026-01-11T23:23:19","date_gmt":"2026-01-11T23:23:19","guid":{"rendered":"https:\/\/www.europesays.com\/pt\/225377\/"},"modified":"2026-01-11T23:23:19","modified_gmt":"2026-01-11T23:23:19","slug":"ana-cavalieri-sobre-a-venezuela-as-pessoas-falam-do-petroleo-como-se-isso-fosse-uma-razao-menos-digna-para-uma-intervencao","status":"publish","type":"post","link":"https:\/\/www.europesays.com\/pt\/225377\/","title":{"rendered":"Ana Cavalieri sobre a Venezuela: \u201dAs pessoas falam do petr\u00f3leo como se isso fosse uma raz\u00e3o menos digna para uma interven\u00e7\u00e3o\u201d"},"content":{"rendered":"<p>   Neste epis\u00f3dio do Elefante na Sala, aos comentadores Jo\u00e3o Maria Jonet e Ana Cavalieri junta-se Martinho Lucas Pires, professor de direito internacional. O painel aborda a interven\u00e7\u00e3o dos Estados Unidos na Venezuela, com foco nos interesses geopol\u00edticos, econ\u00f3micos e de seguran\u00e7a que motivaram a a\u00e7\u00e3o. Debatem as consequ\u00eancias para o regime de Maduro, o papel do direito internacional e as limita\u00e7\u00f5es pol\u00edticas internas americanas. O programa tamb\u00e9m aborda a posi\u00e7\u00e3o europeia, o impacto humanit\u00e1rio sobre o povo venezuelano e as implica\u00e7\u00f5es estrat\u00e9gicas da atua\u00e7\u00e3o dos EUA na Am\u00e9rica Latina e no \u00c1rtico.  <\/p>\n<p>   &#8212;-  <\/p>\n<p class=\"category\"><a href=\"https:\/\/expresso.pt\/podcasts\/expresso-da-meia-noite\" rel=\"nofollow noopener\" target=\"_blank\">Expresso da Meia-Noite<\/a><\/p>\n<p class=\"follow-link\"><a href=\"https:\/\/expresso.pt\/podcasts\/expresso-da-meia-noite\/2025-12-20-os-90-mil-milhoes-para-a-ucrania-da-ue-sao-totalmente-insuficientes.-vai-haver-mais-divida-para-os-contribuintes-europeus-4fd28116\" rel=\"canonical nofollow noopener\" target=\"_blank\">Leia tamb\u00e9m<\/a><\/p>\n<p class=\"category\"><a href=\"https:\/\/expresso.pt\/podcasts\/governo-sombra\" rel=\"nofollow noopener\" target=\"_blank\">Programa Cujo Nome Estamos Legalmente Impedidos de Dizer<\/a><\/p>\n<p class=\"follow-link\"><a href=\"https:\/\/expresso.pt\/podcasts\/governo-sombra\/2025-12-20-a-prenda-spinumviva-spinummorta-b0ac71ac\" rel=\"canonical nofollow noopener\" target=\"_blank\">Leia tamb\u00e9m<\/a><\/p>\n<p>Depois do podcast Decis\u00e3o Am\u00e9rica, chega o Elefante na Sala, com a an\u00e1lise e todas as novidades sobre a pol\u00edtica americana, com Ana Cavalieri e Jo\u00e3o Maria Jonet.<\/p>\n","protected":false},"excerpt":{"rendered":"Neste epis\u00f3dio do Elefante na Sala, aos comentadores Jo\u00e3o Maria Jonet e Ana Cavalieri junta-se Martinho Lucas Pires,&hellip;\n","protected":false},"author":2,"featured_media":107344,"comment_status":"","ping_status":"","sticky":false,"template":"","format":"standard","meta":{"footnotes":""},"categories":[50],"tags":[27,28,15,16,14,25,26,21,22,62,12,13,19,20,23,24,17,18,29,30,31,63,64,65],"class_list":{"0":"post-225377","1":"post","2":"type-post","3":"status-publish","4":"format-standard","5":"has-post-thumbnail","7":"category-mundo","8":"tag-breaking-news","9":"tag-breakingnews","10":"tag-featured-news","11":"tag-featurednews","12":"tag-headlines","13":"tag-latest-news","14":"tag-latestnews","15":"tag-main-news","16":"tag-mainnews","17":"tag-mundo","18":"tag-news","19":"tag-noticias","20":"tag-noticias-principais","21":"tag-noticiasprincipais","22":"tag-principais-noticias","23":"tag-principaisnoticias","24":"tag-top-stories","25":"tag-topstories","26":"tag-ultimas","27":"tag-ultimas-noticias","28":"tag-ultimasnoticias","29":"tag-world","30":"tag-world-news","31":"tag-worldnews"},"share_on_mastodon":{"url":"https:\/\/pubeurope.com\/@pt\/115879044955265733","error":""},"_links":{"self":[{"href":"https:\/\/www.europesays.com\/pt\/wp-json\/wp\/v2\/posts\/225377","targetHints":{"allow":["GET"]}}],"collection":[{"href":"https:\/\/www.europesays.com\/pt\/wp-json\/wp\/v2\/posts"}],"about":[{"href":"https:\/\/www.europesays.com\/pt\/wp-json\/wp\/v2\/types\/post"}],"author":[{"embeddable":true,"href":"https:\/\/www.europesays.com\/pt\/wp-json\/wp\/v2\/users\/2"}],"replies":[{"embeddable":true,"href":"https:\/\/www.europesays.com\/pt\/wp-json\/wp\/v2\/comments?post=225377"}],"version-history":[{"count":0,"href":"https:\/\/www.europesays.com\/pt\/wp-json\/wp\/v2\/posts\/225377\/revisions"}],"wp:featuredmedia":[{"embeddable":true,"href":"https:\/\/www.europesays.com\/pt\/wp-json\/wp\/v2\/media\/107344"}],"wp:attachment":[{"href":"https:\/\/www.europesays.com\/pt\/wp-json\/wp\/v2\/media?parent=225377"}],"wp:term":[{"taxonomy":"category","embeddable":true,"href":"https:\/\/www.europesays.com\/pt\/wp-json\/wp\/v2\/categories?post=225377"},{"taxonomy":"post_tag","embeddable":true,"href":"https:\/\/www.europesays.com\/pt\/wp-json\/wp\/v2\/tags?post=225377"}],"curies":[{"name":"wp","href":"https:\/\/api.w.org\/{rel}","templated":true}]}}