{"id":225380,"date":"2026-01-11T23:25:08","date_gmt":"2026-01-11T23:25:08","guid":{"rendered":"https:\/\/www.europesays.com\/pt\/225380\/"},"modified":"2026-01-11T23:25:08","modified_gmt":"2026-01-11T23:25:08","slug":"alemanha-propoe-missao-conjunta-da-nato-na-gronelandia-observador","status":"publish","type":"post","link":"https:\/\/www.europesays.com\/pt\/225380\/","title":{"rendered":"Alemanha prop\u00f5e miss\u00e3o conjunta da NATO na Gronel\u00e2ndia \u2013 Observador"},"content":{"rendered":"<p>A Alemanha est\u00e1 a discutir com aliados europeus a presen\u00e7a de for\u00e7as da NATO na Gronel\u00e2ndia, perante \u00e0s amea\u00e7as dos EUA em rela\u00e7\u00e3o \u00e0 regi\u00e3o do \u00c1rtico, fundamentedas por raz\u00f5es de seguran\u00e7a. A informa\u00e7\u00e3o \u00e9 avan\u00e7ada pela <a href=\"https:\/\/www.bloomberg.com\/news\/articles\/2026-01-11\/uk-germany-discuss-nato-forces-in-greenland-to-calm-us-threat?embedded-checkout=true\" target=\"_blank\" rel=\"noopener nofollow\">Bloomberg<\/a> este domingo. J\u00e1 no s\u00e1bado, o <a href=\"https:\/\/www.telegraph.co.uk\/world-news\/2026\/01\/11\/germany-arctic-sentry-nato-mission-greenland-trump-denmark\/\" rel=\"nofollow noopener\" target=\"_blank\">Telegraph <\/a>noticiou que o Governo alem\u00e3o est\u00e1 a planear uma opera\u00e7\u00e3o conjunta da NATO num esfor\u00e7o para dissuadir o presidente americano de anexar a Gronel\u00e2ndia.<\/p>\n<p>Os dois meios de comunica\u00e7\u00e3o social dizem que o Reino Unido tamb\u00e9m est\u00e1 envolvido. A ministra dos transportes brit\u00e2nica admite dilig\u00eancias na regi\u00e3o, mas associa o tema \u00e0 defesa contra Putin. \u201cEmbora n\u00e3o tenhamos visto as consequ\u00eancias terr\u00edveis nessa parte do mundo que vimos na Ucr\u00e2nia, \u00e9 realmente importante que fa\u00e7amos tudo o que pudermos com todos os nossos aliados da NATO para garantir que temos um dissuasor eficaz nessa parte do globo contra [o Presidente russo, Vladimir] Putin\u00bb, disse Heidi Alexander \u00e0 esta\u00e7\u00e3o brit\u00e2nica BBC.<\/p>\n<p>Em cima da mesa estar\u00e1 uma proposta da Alemanha para a cria\u00e7\u00e3o de uma miss\u00e3o conjunta da NATO para proteger esta ilha aut\u00f3noma que faz parte do Reino da Dinamarca e que tem ganho import\u00e2ncia geopol\u00edtica nos \u00faltimos dias, sobretudo na sequ\u00eancia do presidente norte-americano ter afirmado que os Estados Unidos precisam de \u201cpossuir\u201d a Gronel\u00e2ndia para<a href=\"https:\/\/observador.pt\/2026\/01\/10\/trump-avisa-que-eua-vao-fazer-algo-na-gronelandia-quer-gostem-quer-nao-e-mesmo-que-seja-a-mal\/\" rel=\"nofollow noopener\" target=\"_blank\"> impedir que R\u00fassia ou China<\/a> ocupem o territ\u00f3rio no futuro.<\/p>\n<blockquote class=\"wp-embedded-content\" data-secret=\"JBKM5RdPWJ\">\n<p><a href=\"https:\/\/observador.pt\/2026\/01\/10\/trump-avisa-que-eua-vao-fazer-algo-na-gronelandia-quer-gostem-quer-nao-e-mesmo-que-seja-a-mal\/\" rel=\"nofollow noopener\" target=\"_blank\">Trump avisa que EUA v\u00e3o fazer algo na Gronel\u00e2ndia, \u201cquer gostem, quer n\u00e3o\u201d e mesmo que seja \u201ca mal\u201d<\/a><\/p>\n<\/blockquote>\n<p>Com esta iniciativa, Friedrich Merz, chanceler alem\u00e3o, pretende \u201caliviar as tens\u00f5es\u201d com os Estados Unidos, de acordo com duas fontes pr\u00f3ximas do governo alem\u00e3o citadas pela Bloomberg. A miss\u00e3o da NATO permitiria\u00a0 assegurar a defesa do territ\u00f3rio contra eventuais amea\u00e7as russas ou chinesas invocadas pelo Presidente americano.<\/p>\n<p>Embora Donald Trump pondere h\u00e1 muito tomar a Gronel\u00e2ndia, o foco na regi\u00e3o intensificou-se nos \u00faltimos dias, ap\u00f3s a captura do Presidente da Venezuela, Nicol\u00e1s Maduro. A a\u00e7\u00e3o gerou novos receios entre os aliados sobre a disponibilidade de Trump para destacar as for\u00e7as militares dos EUA para atingir os seus objetivos de pol\u00edtica externa.<\/p>\n<blockquote class=\"wp-embedded-content\" data-secret=\"AgMhD2bwYX\">\n<p><a href=\"https:\/\/observador.pt\/2026\/01\/11\/embaixador-da-dinamarca-diz-que-futuro-da-europa-e-da-nato-estao-em-causa-com-ameacas-a-gronelandia\/\" rel=\"nofollow noopener\" target=\"_blank\">Embaixador da Dinamarca diz que futuro da Europa e da NATO est\u00e3o em causa com amea\u00e7as \u00e0 Gronel\u00e2ndia<\/a><\/p>\n<\/blockquote>\n<p>A miss\u00e3o \u201cBaltic Sentry\u201d da NATO, lan\u00e7ada h\u00e1 um ano para proteger infraestruturas cr\u00edticas no Mar B\u00e1ltico, poder\u00e1 servir de modelo para uma nova miss\u00e3o \u201cArctic Sentry\u201d, que incluiria a Gronel\u00e2ndia, afirmaram as mesmas fontes \u00e0 Bloomberg.<\/p>\n","protected":false},"excerpt":{"rendered":"A Alemanha est\u00e1 a discutir com aliados europeus a presen\u00e7a de for\u00e7as da NATO na Gronel\u00e2ndia, perante \u00e0s&hellip;\n","protected":false},"author":2,"featured_media":225381,"comment_status":"","ping_status":"","sticky":false,"template":"","format":"standard","meta":{"footnotes":""},"categories":[8],"tags":[624,27,28,92,623,15,16,12944,14,25,26,21,22,62,12,13,19,20,32,23,24,33,17,18,29,30,31],"class_list":{"0":"post-225380","1":"post","2":"type-post","3":"status-publish","4":"format-standard","5":"has-post-thumbnail","7":"category-principais-noticias","8":"tag-amu00e9rica","9":"tag-breaking-news","10":"tag-breakingnews","11":"tag-donald-trump","12":"tag-estados-unidos-da-amu00e9rica","13":"tag-featured-news","14":"tag-featurednews","15":"tag-gronelu00e2ndia","16":"tag-headlines","17":"tag-latest-news","18":"tag-latestnews","19":"tag-main-news","20":"tag-mainnews","21":"tag-mundo","22":"tag-news","23":"tag-noticias","24":"tag-noticias-principais","25":"tag-noticiasprincipais","26":"tag-portugal","27":"tag-principais-noticias","28":"tag-principaisnoticias","29":"tag-pt","30":"tag-top-stories","31":"tag-topstories","32":"tag-ultimas","33":"tag-ultimas-noticias","34":"tag-ultimasnoticias"},"share_on_mastodon":{"url":"https:\/\/pubeurope.com\/@pt\/115879052885751335","error":""},"_links":{"self":[{"href":"https:\/\/www.europesays.com\/pt\/wp-json\/wp\/v2\/posts\/225380","targetHints":{"allow":["GET"]}}],"collection":[{"href":"https:\/\/www.europesays.com\/pt\/wp-json\/wp\/v2\/posts"}],"about":[{"href":"https:\/\/www.europesays.com\/pt\/wp-json\/wp\/v2\/types\/post"}],"author":[{"embeddable":true,"href":"https:\/\/www.europesays.com\/pt\/wp-json\/wp\/v2\/users\/2"}],"replies":[{"embeddable":true,"href":"https:\/\/www.europesays.com\/pt\/wp-json\/wp\/v2\/comments?post=225380"}],"version-history":[{"count":0,"href":"https:\/\/www.europesays.com\/pt\/wp-json\/wp\/v2\/posts\/225380\/revisions"}],"wp:featuredmedia":[{"embeddable":true,"href":"https:\/\/www.europesays.com\/pt\/wp-json\/wp\/v2\/media\/225381"}],"wp:attachment":[{"href":"https:\/\/www.europesays.com\/pt\/wp-json\/wp\/v2\/media?parent=225380"}],"wp:term":[{"taxonomy":"category","embeddable":true,"href":"https:\/\/www.europesays.com\/pt\/wp-json\/wp\/v2\/categories?post=225380"},{"taxonomy":"post_tag","embeddable":true,"href":"https:\/\/www.europesays.com\/pt\/wp-json\/wp\/v2\/tags?post=225380"}],"curies":[{"name":"wp","href":"https:\/\/api.w.org\/{rel}","templated":true}]}}