{"id":225386,"date":"2026-01-11T23:32:08","date_gmt":"2026-01-11T23:32:08","guid":{"rendered":"https:\/\/www.europesays.com\/pt\/225386\/"},"modified":"2026-01-11T23:32:08","modified_gmt":"2026-01-11T23:32:08","slug":"thiago-almada-outra-vez-na-mesa-do-benfica","status":"publish","type":"post","link":"https:\/\/www.europesays.com\/pt\/225386\/","title":{"rendered":"Thiago Almada outra vez na mesa do Benfica"},"content":{"rendered":"<p><a target=\"_blank\" class=\"editor-link autolink-enabled\" href=\"https:\/\/www.abola.pt\/futebol\/jogador\/thiago-almada-198112\" data-resource-id=\"198112\" data-resource-type=\"player\" data-sport=\"football\" rel=\"nofollow noopener\">Thiago Almada<\/a>, 24 anos, voltou \u00e0 atualidade do <a target=\"_blank\" class=\"editor-link autolink-enabled\" href=\"https:\/\/www.abola.pt\/futebol\/benfica-450\" data-resource-id=\"450\" data-resource-type=\"team\" data-sport=\"football\" rel=\"nofollow noopener\">Benfica<\/a>. O m\u00e9dio-ofensivo\/extremo est\u00e1 interessado em deixar o <a target=\"_blank\" class=\"editor-link autolink-enabled\" href=\"https:\/\/www.abola.pt\/futebol\/atletico-madrid-209\" data-resource-id=\"209\" data-resource-type=\"team\" data-sport=\"football\" rel=\"nofollow noopener\">Atl\u00e9tico Madrid<\/a> e o <a target=\"_blank\" class=\"editor-link autolink-enabled\" href=\"https:\/\/www.abola.pt\/futebol\/benfica-450\" data-resource-id=\"450\" data-resource-type=\"team\" data-sport=\"football\" rel=\"nofollow noopener\">Benfica<\/a> avalia a possibilidade de contrat\u00e1-lo. O jornalista argentino German Garc\u00eda Grova revela que os clubes j\u00e1 est\u00e3o a conversar. <\/p>\n<p>As exig\u00eancias financeiras dos espanh\u00f3is, por\u00e9m, tornam o neg\u00f3cio dif\u00edcil \u2014 admitem negociar o empr\u00e9stimo mas por elevada taxa de ced\u00eancia e avaliam o passe em \u20ac40 milh\u00f5es.<\/p>\n<p>O internacional argentino foi um sonho de ver\u00e3o n\u00e3o concretizado pelo <a target=\"_blank\" class=\"editor-link autolink-enabled\" href=\"https:\/\/www.abola.pt\/futebol\/benfica-450\" data-resource-id=\"450\" data-resource-type=\"team\" data-sport=\"football\" rel=\"nofollow noopener\">Benfica<\/a>. As negocia\u00e7\u00f5es com o empres\u00e1rio John Textor, propriet\u00e1rio de Botafogo, n\u00e3o deram frutos, depois de os encarnados terem convencido <a target=\"_blank\" class=\"editor-link autolink-enabled\" href=\"https:\/\/www.abola.pt\/futebol\/jogador\/thiago-almada-198112\" data-resource-id=\"198112\" data-resource-type=\"player\" data-sport=\"football\" rel=\"nofollow noopener\">Thiago Almada<\/a>, num trabalho que durou meses. O <a target=\"_blank\" class=\"editor-link autolink-enabled\" href=\"https:\/\/www.abola.pt\/futebol\/atletico-madrid-209\" data-resource-id=\"209\" data-resource-type=\"team\" data-sport=\"football\" rel=\"nofollow noopener\">Atl\u00e9tico<\/a> Madrid, com outro argumentos financeiros, acabou por seduzir o jogador e fechar a transfer\u00eancia.<\/p>\n<p>Em Espanha noticiou-se neg\u00f3cio entre \u20ac20 milh\u00f5es a \u20ac25 milh\u00f5es pela totalidade dos direitos econ\u00f3micos, no Brasil de \u20ac20 milh\u00f5es por 50 por cento do passe, com a obrigatoriedade de o <a target=\"_blank\" class=\"editor-link autolink-enabled\" href=\"https:\/\/www.abola.pt\/futebol\/atletico-madrid-209\" data-resource-id=\"209\" data-resource-type=\"team\" data-sport=\"football\" rel=\"nofollow noopener\">Atl\u00e9tico<\/a> adquirir os restantes 50 por cento por \u20ac15 milh\u00f5es se o jogador n\u00e3o for transferido at\u00e9 2028.<\/p>\n<p>Meio ano passado e <a class=\"autolink-enabled\" data-resource-id=\"198112\" data-resource-type=\"player\" data-sport=\"football\" href=\"https:\/\/www.abola.pt\/futebol\/jogador\/thiago-almada-198112\" rel=\"nofollow noopener\" target=\"_blank\">Thiago Almada<\/a> est\u00e1 mesmo de sa\u00edda do <a class=\"autolink-enabled\" data-resource-id=\"209\" data-resource-type=\"team\" data-sport=\"football\" href=\"https:\/\/www.abola.pt\/futebol\/atletico-madrid-209\" rel=\"nofollow noopener\" target=\"_blank\">Atl\u00e9tico<\/a>. Foi utilizado 16 vezes por Diego Simeone, apenas cinco na condi\u00e7\u00e3o de titular, e est\u00e1 interessado em deixar o clube para poder jogar com regularidade. Sente que a participa\u00e7\u00e3o no Mundial estar\u00e1 amea\u00e7ada se continuar no <a class=\"autolink-enabled\" data-resource-id=\"209\" data-resource-type=\"team\" data-sport=\"football\" href=\"https:\/\/www.abola.pt\/futebol\/atletico-madrid-209\" rel=\"nofollow noopener\" target=\"_blank\">Atl\u00e9tico<\/a>. Quer, como tal, encontrar um clube no qual possa jogar com regularidade.<\/p>\n<p>O Palmeiras \u00e9 um dos clubes interessados e j\u00e1 contactou o <a class=\"autolink-enabled\" data-resource-id=\"209\" data-resource-type=\"team\" data-sport=\"football\" href=\"https:\/\/www.abola.pt\/futebol\/atletico-madrid-209\" rel=\"nofollow noopener\" target=\"_blank\">Atl\u00e9tico Madrid<\/a>. A resposta, por\u00e9m, n\u00e3o satisfez os brasileiros \u2014 os colchoneros querem \u20ac20 milh\u00f5es por metade do passe. O Palmeiras dever\u00e1 voltar \u00e0 carga, mas sem chegar aos valores exigidos pelos espanh\u00f3is.<\/p>\n<p><a target=\"_blank\" class=\"editor-link autolink-enabled\" href=\"https:\/\/www.abola.pt\/futebol\/jogador\/thiago-almada-198112\" data-resource-id=\"198112\" data-resource-type=\"player\" data-sport=\"football\" rel=\"nofollow noopener\">Thiago Almada<\/a> foi associado, na \u00faltima semana, tamb\u00e9m \u00e0 <a target=\"_blank\" class=\"editor-link autolink-enabled\" href=\"https:\/\/www.abola.pt\/futebol\/juventus-255\" data-resource-id=\"255\" data-resource-type=\"team\" data-sport=\"football\" rel=\"nofollow noopener\">Juventus<\/a>.<\/p>\n<p>O <a target=\"_blank\" class=\"editor-link autolink-enabled\" href=\"https:\/\/www.abola.pt\/futebol\/benfica-450\" data-resource-id=\"450\" data-resource-type=\"team\" data-sport=\"football\" rel=\"nofollow noopener\">Benfica<\/a>, como se sabe, h\u00e1 muito gosta de <a target=\"_blank\" class=\"editor-link autolink-enabled\" href=\"https:\/\/www.abola.pt\/futebol\/jogador\/thiago-almada-198112\" data-resource-id=\"198112\" data-resource-type=\"player\" data-sport=\"football\" rel=\"nofollow noopener\">Thiago Almada<\/a> e poder\u00e1 aproveitar a oportunidade e o trabalho que fez no \u00faltimo ver\u00e3o para avan\u00e7ar com uma oferta. O internacional argentino pode jogar como extremo\/esquerdo e segundo avan\u00e7ado.<\/p>\n<p><strong>A BOLA<\/strong> sabe, por\u00e9m, que ser\u00e1 muito dif\u00edcil o <a class=\"autolink-enabled\" data-resource-id=\"450\" data-resource-type=\"team\" data-sport=\"football\" href=\"https:\/\/www.abola.pt\/futebol\/benfica-450\" rel=\"nofollow noopener\" target=\"_blank\">Benfica<\/a> contratar o internacional argentino, que tem ofertas de cinco clubes com mais poder financeiro que as \u00e1guias.<\/p>\n","protected":false},"excerpt":{"rendered":"Thiago Almada, 24 anos, voltou \u00e0 atualidade do Benfica. O m\u00e9dio-ofensivo\/extremo est\u00e1 interessado em deixar o Atl\u00e9tico Madrid&hellip;\n","protected":false},"author":2,"featured_media":225387,"comment_status":"","ping_status":"","sticky":false,"template":"","format":"standard","meta":{"footnotes":""},"categories":[87],"tags":[135,32,33,134],"class_list":{"0":"post-225386","1":"post","2":"type-post","3":"status-publish","4":"format-standard","5":"has-post-thumbnail","7":"category-desporto","8":"tag-desporto","9":"tag-portugal","10":"tag-pt","11":"tag-sports"},"share_on_mastodon":{"url":"https:\/\/pubeurope.com\/@pt\/115879080364431260","error":""},"_links":{"self":[{"href":"https:\/\/www.europesays.com\/pt\/wp-json\/wp\/v2\/posts\/225386","targetHints":{"allow":["GET"]}}],"collection":[{"href":"https:\/\/www.europesays.com\/pt\/wp-json\/wp\/v2\/posts"}],"about":[{"href":"https:\/\/www.europesays.com\/pt\/wp-json\/wp\/v2\/types\/post"}],"author":[{"embeddable":true,"href":"https:\/\/www.europesays.com\/pt\/wp-json\/wp\/v2\/users\/2"}],"replies":[{"embeddable":true,"href":"https:\/\/www.europesays.com\/pt\/wp-json\/wp\/v2\/comments?post=225386"}],"version-history":[{"count":0,"href":"https:\/\/www.europesays.com\/pt\/wp-json\/wp\/v2\/posts\/225386\/revisions"}],"wp:featuredmedia":[{"embeddable":true,"href":"https:\/\/www.europesays.com\/pt\/wp-json\/wp\/v2\/media\/225387"}],"wp:attachment":[{"href":"https:\/\/www.europesays.com\/pt\/wp-json\/wp\/v2\/media?parent=225386"}],"wp:term":[{"taxonomy":"category","embeddable":true,"href":"https:\/\/www.europesays.com\/pt\/wp-json\/wp\/v2\/categories?post=225386"},{"taxonomy":"post_tag","embeddable":true,"href":"https:\/\/www.europesays.com\/pt\/wp-json\/wp\/v2\/tags?post=225386"}],"curies":[{"name":"wp","href":"https:\/\/api.w.org\/{rel}","templated":true}]}}