{"id":22539,"date":"2025-08-09T15:50:18","date_gmt":"2025-08-09T15:50:18","guid":{"rendered":"https:\/\/www.europesays.com\/pt\/22539\/"},"modified":"2025-08-09T15:50:18","modified_gmt":"2025-08-09T15:50:18","slug":"ja-se-sabe-o-valor-do-apoio-por-equipamento","status":"publish","type":"post","link":"https:\/\/www.europesays.com\/pt\/22539\/","title":{"rendered":"j\u00e1 se sabe o valor do apoio por equipamento"},"content":{"rendered":"<p>O Programa E-LAR enquadra-se nas medidas excecionais adotadas pela Uni\u00e3o Europeia (UE) para a recupera\u00e7\u00e3o socioecon\u00f3mica p\u00f3s-COVID-19, no \u00e2mbito do Plano de Recupera\u00e7\u00e3o e Resili\u00eancia (PRR) de Portugal. J\u00e1 se sabe o valor do apoio por equipamento.<\/p>\n<p><a target=\"_blank\" href=\"https:\/\/pplware.sapo.pt\/wp-content\/uploads\/2025\/08\/apoio_00.jpg\" onclick=\"refreshIframe()\" class=\"foobox\" rel=\"nofollow noopener\"><img fetchpriority=\"high\" decoding=\"async\" src=\"https:\/\/www.europesays.com\/pt\/wp-content\/uploads\/2025\/08\/apoio_00-720x405.jpg\" alt=\"\" width=\"720\" height=\"405\" class=\"aligncenter size-medium wp-image-1072319\"  \/><\/a><\/p>\n<p>O objetivo geral do Programa E-LAR \u00e9 melhorar o conforto t\u00e9rmico das habita\u00e7\u00f5es e apoiar as fam\u00edlias na aquisi\u00e7\u00e3o de equipamentos eficientes e na eletrifica\u00e7\u00e3o de consumos energ\u00e9ticos, contribuindo para a descarboniza\u00e7\u00e3o e para a recolha e reciclagem de equipamentos a g\u00e1s.<\/p>\n<p>Os objetivos espec\u00edficos incluem:<\/p>\n<ul>\n<li>Refor\u00e7ar o combate \u00e0 pobreza energ\u00e9tica e promover o conforto t\u00e9rmico das habita\u00e7\u00f5es.<\/li>\n<li>Promover a efici\u00eancia energ\u00e9tica ao incentivar a substitui\u00e7\u00e3o de equipamentos antigos por equipamentos novos de menor consumo.<\/li>\n<li>Acelerar a eletrifica\u00e7\u00e3o de consumos energ\u00e9ticos e a descarboniza\u00e7\u00e3o ao apoiar a substitui\u00e7\u00e3o de equipamentos que consomem g\u00e1s (fog\u00f5es, fornos e esquentadores) por equipamentos el\u00e9tricos (placas, fog\u00f5es ou termoacumuladores).<\/li>\n<li>Contribuir para a recolha e reciclagem dos equipamentos antigos, refor\u00e7ando o desempenho neste fluxo espec\u00edfico de res\u00edduos numa l\u00f3gica de economia circular.<\/li>\n<\/ul>\n<p>As opera\u00e7\u00f5es eleg\u00edveis devem contemplar os equipamentos\/eletrodom\u00e9sticos pertencentes \u00e0 lista de equipamentos eleg\u00edveis constante da \u201cTipologia 1 \u2013 Equipamentos\u201d.<\/p>\n<p><a target=\"_blank\" href=\"https:\/\/www.europesays.com\/pt\/wp-content\/uploads\/2025\/08\/fogao_00-720x405-1.jpg\" onclick=\"refreshIframe()\" class=\"foobox\"><img loading=\"lazy\" decoding=\"async\" src=\"https:\/\/www.europesays.com\/pt\/wp-content\/uploads\/2025\/08\/fogao_00-720x405-1.jpg\" alt=\"\" width=\"720\" height=\"405\" class=\"aligncenter size-full wp-image-1072322\"  \/><\/a><\/p>\n<p>Os equipamentos\/eletrodom\u00e9sticos a adquirir e a instalar devem apresentar uma classe energ\u00e9tica \u201cA\u201d ou superior, quando aplic\u00e1vel.<\/p>\n<p>Apenas s\u00e3o admitidas Entidades Fornecedoras previamente qualificadas para a venda e instala\u00e7\u00e3o dos equipamentos\/eletrodom\u00e9sticos.<\/p>\n<p>As despesas eleg\u00edveis e os respetivos montantes unit\u00e1rios de refer\u00eancia m\u00e1ximos s\u00e3o os seguintes:<\/p>\n<p><strong>Tipologia 1 \u2013 Equipamentos:\u00a0<\/strong><\/p>\n<ul class=\"bootstrapScopedWS\">\n<li>Placa el\u00e9trica de indu\u00e7\u00e3o.<\/li>\n<li>Placa el\u00e9trica convencional.<\/li>\n<li>Conjunto el\u00e9trico (placa e forno).<\/li>\n<li>Forno el\u00e9trico.<\/li>\n<li>Termoacumulador el\u00e9trico.<\/li>\n<\/ul>\n<p><strong>Tipologia 2 \u2013 Servi\u00e7os:\u00a0<\/strong><\/p>\n<ul>\n<li>Transporte (n\u00e3o eleg\u00edvel para &#8220;Outras Pessoas Singulares&#8221;).<\/li>\n<li>Instala\u00e7\u00e3o de Placas, fornos ou combinado (n\u00e3o eleg\u00edvel para &#8220;Outras Pessoas Singulares&#8221;).<\/li>\n<li>Instala\u00e7\u00e3o de termoacumulador el\u00e9trico (n\u00e3o eleg\u00edvel para &#8220;Outras Pessoas Singulares&#8221;).<\/li>\n<\/ul>\n<p>O apoio financeiro \u00e9 processado atrav\u00e9s do reembolso aos fornecedores qualificados, ap\u00f3s a aprova\u00e7\u00e3o da candidatura do benefici\u00e1rio e a ativa\u00e7\u00e3o de um \u201cVoucher\u201d E-LAR.<\/p>\n<p>A dota\u00e7\u00e3o est\u00e1 distribu\u00edda pelos seguintes grupos de benefici\u00e1rios:<\/p>\n<ul>\n<li><strong>GRUPO I<\/strong>: Pessoas Singulares com contrato de fornecimento de eletricidade para fra\u00e7\u00f5es intervencionadas no \u00e2mbito do aviso \u00abBairros Mais Sustent\u00e1veis\u00bb: 5,6 milh\u00f5es de euros<\/li>\n<li><strong>GRUPO II:<\/strong> Pessoas Singulares que usufruem de Tarifa Social de Energia El\u00e9trica: 14,4 milh\u00f5es de euros<\/li>\n<li><strong>GRUPO III:<\/strong> Outras Pessoas Singulares: 10,00 milh\u00f5es de euros<\/li>\n<\/ul>\n<p>O montante do \u201cVoucher\u201d inclui o IVA \u00e0 taxa legal em vigor (apenas aplic\u00e1vel nos Grupos I e II).<\/p>\n<p>Os montantes unit\u00e1rios m\u00e1ximos para as despesas eleg\u00edveis s\u00e3o os seguintes:<\/p>\n<p>Para Benefici\u00e1rios do apoio \u00abBairros Mais Sustent\u00e1veis\u00bb e Benefici\u00e1rios da TSEE (Grupo I e II):<\/p>\n<ul>\n<li>Placa el\u00e9trica de indu\u00e7\u00e3o: 369,0\u20ac.<\/li>\n<li>Placa el\u00e9trica convencional: 179,6\u20ac.<\/li>\n<li>Conjunto el\u00e9trico (placa e forno): 738,0\u20ac.<\/li>\n<li>Forno el\u00e9trico: 369,0\u20ac.<\/li>\n<li>Termoacumulador el\u00e9trico: 615,0\u20ac.<\/li>\n<li>Transporte: 50\u20ac.<\/li>\n<li>Instala\u00e7\u00e3o de Placas, fornos ou combinado: 100\u20ac.<\/li>\n<li>Instala\u00e7\u00e3o de termoacumulador el\u00e9trico: 180\u20ac.<\/li>\n<\/ul>\n<p>Para Outras Pessoas Singulares (Grupo III):<\/p>\n<ul>\n<li>Placa el\u00e9trica de indu\u00e7\u00e3o: 300\u20ac.<\/li>\n<li>Placa el\u00e9trica convencional: 146\u20ac.<\/li>\n<li>Conjunto el\u00e9trico (placa e forno): 600\u20ac.<\/li>\n<li>Forno el\u00e9trico: 300\u20ac.<\/li>\n<li>Termoacumulador el\u00e9trico: 500\u20ac.<\/li>\n<li>Servi\u00e7os (Transporte e Instala\u00e7\u00e3o) n\u00e3o s\u00e3o eleg\u00edveis<\/li>\n<\/ul>\n<p>As candidaturas s\u00e3o apresentadas ao Fundo Ambiental, atrav\u00e9s do preenchimento do formul\u00e1rio dispon\u00edvel no portal do Fundo Ambiental (https:\/\/www.fundoambiental.pt).<\/p>\n<p>O prazo para apresenta\u00e7\u00e3o das candidaturas decorre desde o dia 30 de setembro de 2025, at\u00e9 \u00e0 data em que seja previs\u00edvel esgotar a dota\u00e7\u00e3o prevista, tendo como limite a data de 30 de junho de 2026.<\/p>\n","protected":false},"excerpt":{"rendered":"O Programa E-LAR enquadra-se nas medidas excecionais adotadas pela Uni\u00e3o Europeia (UE) para a recupera\u00e7\u00e3o socioecon\u00f3mica p\u00f3s-COVID-19, no&hellip;\n","protected":false},"author":2,"featured_media":22540,"comment_status":"","ping_status":"","sticky":false,"template":"","format":"standard","meta":{"footnotes":""},"categories":[83],"tags":[88,8055,89,90,32,33],"class_list":{"0":"post-22539","1":"post","2":"type-post","3":"status-publish","4":"format-standard","5":"has-post-thumbnail","7":"category-empresas","8":"tag-business","9":"tag-e-lar","10":"tag-economy","11":"tag-empresas","12":"tag-portugal","13":"tag-pt"},"share_on_mastodon":{"url":"","error":""},"_links":{"self":[{"href":"https:\/\/www.europesays.com\/pt\/wp-json\/wp\/v2\/posts\/22539","targetHints":{"allow":["GET"]}}],"collection":[{"href":"https:\/\/www.europesays.com\/pt\/wp-json\/wp\/v2\/posts"}],"about":[{"href":"https:\/\/www.europesays.com\/pt\/wp-json\/wp\/v2\/types\/post"}],"author":[{"embeddable":true,"href":"https:\/\/www.europesays.com\/pt\/wp-json\/wp\/v2\/users\/2"}],"replies":[{"embeddable":true,"href":"https:\/\/www.europesays.com\/pt\/wp-json\/wp\/v2\/comments?post=22539"}],"version-history":[{"count":0,"href":"https:\/\/www.europesays.com\/pt\/wp-json\/wp\/v2\/posts\/22539\/revisions"}],"wp:featuredmedia":[{"embeddable":true,"href":"https:\/\/www.europesays.com\/pt\/wp-json\/wp\/v2\/media\/22540"}],"wp:attachment":[{"href":"https:\/\/www.europesays.com\/pt\/wp-json\/wp\/v2\/media?parent=22539"}],"wp:term":[{"taxonomy":"category","embeddable":true,"href":"https:\/\/www.europesays.com\/pt\/wp-json\/wp\/v2\/categories?post=22539"},{"taxonomy":"post_tag","embeddable":true,"href":"https:\/\/www.europesays.com\/pt\/wp-json\/wp\/v2\/tags?post=22539"}],"curies":[{"name":"wp","href":"https:\/\/api.w.org\/{rel}","templated":true}]}}