{"id":225391,"date":"2026-01-11T23:40:09","date_gmt":"2026-01-11T23:40:09","guid":{"rendered":"https:\/\/www.europesays.com\/pt\/225391\/"},"modified":"2026-01-11T23:40:09","modified_gmt":"2026-01-11T23:40:09","slug":"atriz-de-cheias-de-charme-morre-aos-48-anos","status":"publish","type":"post","link":"https:\/\/www.europesays.com\/pt\/225391\/","title":{"rendered":"Atriz de Cheias de Charme morre aos 48 anos"},"content":{"rendered":"<p class=\"texto\">A atriz Titina Medeiros morreu neste domingo (11\/1), aos 48 anos. Ela lutava h\u00e1 cerca de um ano contra um c\u00e2ncer no p\u00e2ncreas. A informa\u00e7\u00e3o foi divulgada pelo jornal O Globo.<\/p>\n<p class=\"texto\">Natural do Rio Grande do Norte, Titina ficou conhecida nacionalmente ao interpretar Socorro, a \u201cpersonal colega\u201d da cantora Chayene, personagem de Cl\u00e1udia Abreu, na novela Cheias de Charme.<\/p>\n<p class=\"texto\">Em Cheias de Charme, o par rom\u00e2ntico de sua personagem era vivido pelo ator C\u00e9sar Ferrario, com que era casada h\u00e1 quase 20 anos. Nas redes sociais, o casal costumava compartilhar momentos de m\u00fasica e descontra\u00e7\u00e3o com os seguidores.<\/p>\n<p class=\"texto\">\n<p class=\"texto\">Ao longo da carreira, a atriz atuou em diversas produ\u00e7\u00f5es da televis\u00e3o brasileira. Sua \u00faltima novela foi No Rancho Fundo, na qual retomou a personagem Nivalda, vivida anteriormente em Mar do Sert\u00e3o. Titina tamb\u00e9m atuou nas novelas Gera\u00e7\u00e3o Brasil, A Lei do Amor e Onde Nascem os Fortes.<\/p>\n<p class=\"texto\">Al\u00e9m da televis\u00e3o, Titina teve forte atua\u00e7\u00e3o no teatro. Ela integrou grupos como a Casa de Zo\u00e9, que idealizou, e o grupo Candeia, onde tamb\u00e9m atuou como diretora.<\/p>\n<ul>\n<li><a href=\"https:\/\/wa.me\/?text=Atriz+de+Cheias+de+Charme+morre+aos+48+anos%20https:\/\/www.correiobraziliense.com.br\/diversao-e-arte\/2026\/01\/7330651-atriz-de-cheias-de-charme-morre-aos-48-anos.html\" target=\"_blank\" title=\"Whatsapp\" aria-label=\"WhatsApp\" rel=\"nofollow noopener\"><\/a><\/li>\n<li><a href=\"https:\/\/www.facebook.com\/sharer.php?u=https:\/\/www.correiobraziliense.com.br%2Fdiversao-e-arte%2F2026%2F01%2F7330651-atriz-de-cheias-de-charme-morre-aos-48-anos.html&amp;text=Atriz+de+Cheias+de+Charme+morre+aos+48+anos\" target=\"_blank\" title=\"Facebook\" aria-label=\"Facebook\" rel=\"nofollow noopener\"><\/a><\/li>\n<li><a href=\"https:\/\/twitter.com\/intent\/tweet?url=https:\/\/www.correiobraziliense.com.br%2Fdiversao-e-arte%2F2026%2F01%2F7330651-atriz-de-cheias-de-charme-morre-aos-48-anos.html&amp;text=Atriz+de+Cheias+de+Charme+morre+aos+48+anos\" target=\"_blank\" title=\"Twitter\" aria-label=\"Twitter\" rel=\"nofollow noopener\"><\/a><\/li>\n<li><a href=\"https:\/\/profile.google.com\/cp\/CgovbS8wNzZ0dms1\" title=\"Google Discover\" target=\"_blank\" aria-label=\"Google Discover\" rel=\"nofollow noopener\"><img decoding=\"async\" src=\"https:\/\/www.europesays.com\/pt\/wp-content\/uploads\/2025\/12\/google-discover-icon.png\" style=\"height: 25px; margin: 0 !important; margin-left: 3px;\" alt=\"Google Discover Icon\"\/><\/a><\/li>\n<\/ul>\n<p>              <a href=\"https:\/\/www.correiobraziliense.com.br\/autor\/raphaela-peixoto\/page\/1\/\" style=\"height: 100%;\" rel=\"nofollow noopener\" target=\"_blank\"><img decoding=\"async\" class=\"hidden-print author-circle d-block h6 mt-0 mb-0 mr-6 text-center\" src=\"https:\/\/www.europesays.com\/pt\/wp-content\/uploads\/2026\/01\/raphaela_peixoto-29858468.png\" alt=\"\" width=\"40\" height=\"40\" loading=\"lazy\" style=\"object-fit:cover; width: 40px; height: 40px; margin-right:10px;\"\/><\/a><a href=\"https:\/\/www.correiobraziliense.com.br\/autor\/raphaela-peixoto\/page\/1\/\" rel=\"nofollow noopener\" target=\"_blank\"><img decoding=\"async\" class=\"hidden-print author-circle d-block h6 mt-0 mb-0 mr-6 text-center\" src=\"https:\/\/www.europesays.com\/pt\/wp-content\/uploads\/2026\/01\/raphaela_peixoto-29858468.png\" alt=\"\" width=\"40\" height=\"40\" loading=\"lazy\" style=\"object-fit:cover; width: 40px; height: 40px; margin-right:10px;\"\/><\/a>Raphaela Peixoto  <strong class=\"entryStrongAuthor\"\/><\/p>\n<p class=\"entryDescricaoAuthor\">Formada em jornalismo pela Universidade Cat\u00f3lica de Bras\u00edlia, come\u00e7ou a carreira no Correio Braziliense na cobertura on-line de forma\u00e7\u00e3o profissional e educa\u00e7\u00e3o. Atualmente, cobre concursos e o funcionalismo da capital<\/p>\n<p>                          <script async src=\"https:\/\/platform.twitter.com\/widgets.js\" charset=\"utf-8\"><\/script><\/p>\n","protected":false},"excerpt":{"rendered":"A atriz Titina Medeiros morreu neste domingo (11\/1), aos 48 anos. Ela lutava h\u00e1 cerca de um ano&hellip;\n","protected":false},"author":2,"featured_media":225392,"comment_status":"","ping_status":"","sticky":false,"template":"","format":"standard","meta":{"footnotes":""},"categories":[145],"tags":[813,211,210,114,115,753,1339,1535,32,33],"class_list":{"0":"post-225391","1":"post","2":"type-post","3":"status-publish","4":"format-standard","5":"has-post-thumbnail","7":"category-celebridades","8":"tag-atriz","9":"tag-celebridades","10":"tag-celebrities","11":"tag-entertainment","12":"tag-entretenimento","13":"tag-globo","14":"tag-luto","15":"tag-obituario","16":"tag-portugal","17":"tag-pt"},"share_on_mastodon":{"url":"https:\/\/pubeurope.com\/@pt\/115879111765071680","error":""},"_links":{"self":[{"href":"https:\/\/www.europesays.com\/pt\/wp-json\/wp\/v2\/posts\/225391","targetHints":{"allow":["GET"]}}],"collection":[{"href":"https:\/\/www.europesays.com\/pt\/wp-json\/wp\/v2\/posts"}],"about":[{"href":"https:\/\/www.europesays.com\/pt\/wp-json\/wp\/v2\/types\/post"}],"author":[{"embeddable":true,"href":"https:\/\/www.europesays.com\/pt\/wp-json\/wp\/v2\/users\/2"}],"replies":[{"embeddable":true,"href":"https:\/\/www.europesays.com\/pt\/wp-json\/wp\/v2\/comments?post=225391"}],"version-history":[{"count":0,"href":"https:\/\/www.europesays.com\/pt\/wp-json\/wp\/v2\/posts\/225391\/revisions"}],"wp:featuredmedia":[{"embeddable":true,"href":"https:\/\/www.europesays.com\/pt\/wp-json\/wp\/v2\/media\/225392"}],"wp:attachment":[{"href":"https:\/\/www.europesays.com\/pt\/wp-json\/wp\/v2\/media?parent=225391"}],"wp:term":[{"taxonomy":"category","embeddable":true,"href":"https:\/\/www.europesays.com\/pt\/wp-json\/wp\/v2\/categories?post=225391"},{"taxonomy":"post_tag","embeddable":true,"href":"https:\/\/www.europesays.com\/pt\/wp-json\/wp\/v2\/tags?post=225391"}],"curies":[{"name":"wp","href":"https:\/\/api.w.org\/{rel}","templated":true}]}}