{"id":225406,"date":"2026-01-12T00:08:19","date_gmt":"2026-01-12T00:08:19","guid":{"rendered":"https:\/\/www.europesays.com\/pt\/225406\/"},"modified":"2026-01-12T00:08:19","modified_gmt":"2026-01-12T00:08:19","slug":"ate-vou-dizer-uma-coisa-que-nao-tinha-de-dizer-apos-falhar-funeral-de-maycon-douglas-afonso-leitao-quebra-o-silencio","status":"publish","type":"post","link":"https:\/\/www.europesays.com\/pt\/225406\/","title":{"rendered":"&#8220;At\u00e9 vou dizer uma coisa que n\u00e3o tinha de dizer&#8221;: ap\u00f3s falhar funeral de Maycon Douglas, Afonso Leit\u00e3o quebra o sil\u00eancio!"},"content":{"rendered":"<p>Decorreram neste domingo, dia 11, as cerim\u00f3nias f\u00fanebres de <a href=\"https:\/\/selfie.iol.pt\/famosos\/casa-dos-segredos\/funeral-de-maycon-douglas-marcado-por-coincidencia-arrepiante\/20260111\/6963ba0ed34e0ec52ec1f51a\" target=\"_blank\" rel=\"nofollow noopener\">Maycon Douglas<\/a>, em Leiria, um momento de dor e consterna\u00e7\u00e3o que contou com a presen\u00e7a de ex-concorrentes de &#8220;<a href=\"https:\/\/tvi.iol.pt\/secretstory\/\" target=\"_blank\" rel=\"nofollow noopener\">Secret Story &#8211; Casa dos Segredos<\/a>&#8220;.<\/p>\n<p>No entanto, notou-se a aus\u00eancia de <a href=\"https:\/\/selfie.iol.pt\/famosos\/casa-dos-segredos\/apos-fotos-ineditas-de-afonso-leitao-catarina-miranda-reage-a-gesto-inconveniente\/20260110\/69629045d34e92a344973c0e\" target=\"_blank\" rel=\"nofollow noopener\">Afonso Leit\u00e3o<\/a>, que, por esse motivo, deixou um esclarecimento no Instagram.<\/p>\n<p>&#8220;Em vez de darem import\u00e2ncia ao momento e a quem devem dar, as pessoas est\u00e3o mais preocupadas com quem n\u00e3o faz as coisas para as pessoas verem. Fa\u00e7o o meu luto \u00e0 minha maneira, fiz \u00e0 minha maneira&#8221;, come\u00e7ou por referir.<\/p>\n<p>De seguida, o jovem revelou: &#8220;At\u00e9 vou dizer uma coisa que n\u00e3o tinha de dizer: infelizmente, n\u00e3o consegui estar presente no funeral, mas, quando chegar a Portugal, vou fazer o que acho que devo fazer e tive familiares meus que foram ao funeral e fizeram quest\u00e3o de escrever no livro uma frase a meu pedido.&#8221;<\/p>\n<p>Recorde-se que <a href=\"https:\/\/selfie.iol.pt\/famosos\/casa-dos-segredos\/renata-reis-chega-ao-funeral-de-maycon-douglas-e-cumpre-pedido-comovente\/20260111\/6963a0f1d34e0ec52ec1f49e\" target=\"_blank\" rel=\"nofollow noopener\">Renata Reis<\/a>, Ruben Silvestre, Rita Almeida e Nufla foram algumas das figuras p\u00fablicas que marcaram presen\u00e7a nas cerim\u00f3nias f\u00fanebres de Maycon Douglas.<\/p>\n","protected":false},"excerpt":{"rendered":"Decorreram neste domingo, dia 11, as cerim\u00f3nias f\u00fanebres de Maycon Douglas, em Leiria, um momento de dor e&hellip;\n","protected":false},"author":2,"featured_media":212546,"comment_status":"","ping_status":"","sticky":false,"template":"","format":"standard","meta":{"footnotes":""},"categories":[8],"tags":[2031,27,28,2632,980,15,16,14,1015,25,26,21,22,10223,619,12,13,19,20,32,23,24,33,1014,1315,1012,17,18,162,29,30,31],"class_list":{"0":"post-225406","1":"post","2":"type-post","3":"status-publish","4":"format-standard","5":"has-post-thumbnail","7":"category-principais-noticias","8":"tag-afonso-leitao","9":"tag-breaking-news","10":"tag-breakingnews","11":"tag-casa-dos-segredos","12":"tag-famosos","13":"tag-featured-news","14":"tag-featurednews","15":"tag-headlines","16":"tag-instagram","17":"tag-latest-news","18":"tag-latestnews","19":"tag-main-news","20":"tag-mainnews","21":"tag-maycon-douglas","22":"tag-nacional","23":"tag-news","24":"tag-noticias","25":"tag-noticias-principais","26":"tag-noticiasprincipais","27":"tag-portugal","28":"tag-principais-noticias","29":"tag-principaisnoticias","30":"tag-pt","31":"tag-reality-show","32":"tag-secret-story","33":"tag-selfie","34":"tag-top-stories","35":"tag-topstories","36":"tag-tvi","37":"tag-ultimas","38":"tag-ultimas-noticias","39":"tag-ultimasnoticias"},"share_on_mastodon":{"url":"","error":"Validation failed: Text character limit of 500 exceeded"},"_links":{"self":[{"href":"https:\/\/www.europesays.com\/pt\/wp-json\/wp\/v2\/posts\/225406","targetHints":{"allow":["GET"]}}],"collection":[{"href":"https:\/\/www.europesays.com\/pt\/wp-json\/wp\/v2\/posts"}],"about":[{"href":"https:\/\/www.europesays.com\/pt\/wp-json\/wp\/v2\/types\/post"}],"author":[{"embeddable":true,"href":"https:\/\/www.europesays.com\/pt\/wp-json\/wp\/v2\/users\/2"}],"replies":[{"embeddable":true,"href":"https:\/\/www.europesays.com\/pt\/wp-json\/wp\/v2\/comments?post=225406"}],"version-history":[{"count":0,"href":"https:\/\/www.europesays.com\/pt\/wp-json\/wp\/v2\/posts\/225406\/revisions"}],"wp:featuredmedia":[{"embeddable":true,"href":"https:\/\/www.europesays.com\/pt\/wp-json\/wp\/v2\/media\/212546"}],"wp:attachment":[{"href":"https:\/\/www.europesays.com\/pt\/wp-json\/wp\/v2\/media?parent=225406"}],"wp:term":[{"taxonomy":"category","embeddable":true,"href":"https:\/\/www.europesays.com\/pt\/wp-json\/wp\/v2\/categories?post=225406"},{"taxonomy":"post_tag","embeddable":true,"href":"https:\/\/www.europesays.com\/pt\/wp-json\/wp\/v2\/tags?post=225406"}],"curies":[{"name":"wp","href":"https:\/\/api.w.org\/{rel}","templated":true}]}}