{"id":225426,"date":"2026-01-12T00:29:10","date_gmt":"2026-01-12T00:29:10","guid":{"rendered":"https:\/\/www.europesays.com\/pt\/225426\/"},"modified":"2026-01-12T00:29:10","modified_gmt":"2026-01-12T00:29:10","slug":"fc-porto-oficializa-renovacao-de-farioli-e-anuncia-novo-treinador-adjunto","status":"publish","type":"post","link":"https:\/\/www.europesays.com\/pt\/225426\/","title":{"rendered":"FC Porto oficializa renova\u00e7\u00e3o de Farioli e anuncia novo treinador-adjunto"},"content":{"rendered":"<p>O <a class=\"autolink-enabled\" data-resource-id=\"451\" data-resource-type=\"team\" data-sport=\"football\" href=\"https:\/\/www.abola.pt\/futebol\/fc-porto-451\" rel=\"nofollow noopener\" target=\"_blank\">FC Porto<\/a> oficializou, este domingo, a renova\u00e7\u00e3o de contrato de Francesco Farioli at\u00e9 30 de junho de 2028, adicionando um ano ao v\u00ednculo anterior, que era v\u00e1lido at\u00e9 ao final da \u00e9poca 2026\/27.<\/p>\n<p>Em simult\u00e2neo, o treinador italiano passa a contar com mais um elemento na respetiva equipa t\u00e9cnica: Felipe S\u00e1nchez, que at\u00e9 agora desempenhava o papel de adjunto na Real Sociedad e que j\u00e1 tinha acompanhado Farioli no Karagumruk, Alanyaspor, Nice e Ajax. O espanhol junta-se a Dave Vos, Lino Godinho, Lucho Gonz\u00e1lez e Andr\u00e9 Castro (adjuntos), Callum Walsh (preparador f\u00edsico), Osman Kul (analista), I\u00f1aki Ulloa e Diogo Almeida (treinadores de guarda-redes).<\/p>\n<p>\t\t<img decoding=\"async\" src=\"https:\/\/www.europesays.com\/pt\/wp-content\/uploads\/2026\/01\/1768177750_692_thumbs.web.sapo.io.webp\"  loading=\"true\"\/><\/p>\n<p>                        Felipe S\u00e1nchez, aqui com Francesco Farioli<\/p>\n<p>A cerim\u00f3nia de renova\u00e7\u00e3o de Farioli teve como cen\u00e1rio a famosa Livraria Lello, marco hist\u00f3rico da cidade Invicta. Desde a chegada do treinador italiano, ficou clara a liga\u00e7\u00e3o \u00e0 identidade do FC Porto e \u00e0 cidade, agora refor\u00e7ada com a assinatura de um novo v\u00ednculo&#8230; num lugar ic\u00f3nico.<\/p>\n","protected":false},"excerpt":{"rendered":"O FC Porto oficializou, este domingo, a renova\u00e7\u00e3o de contrato de Francesco Farioli at\u00e9 30 de junho de&hellip;\n","protected":false},"author":2,"featured_media":225427,"comment_status":"","ping_status":"","sticky":false,"template":"","format":"standard","meta":{"footnotes":""},"categories":[87],"tags":[135,32,33,134],"class_list":{"0":"post-225426","1":"post","2":"type-post","3":"status-publish","4":"format-standard","5":"has-post-thumbnail","7":"category-desporto","8":"tag-desporto","9":"tag-portugal","10":"tag-pt","11":"tag-sports"},"share_on_mastodon":{"url":"https:\/\/pubeurope.com\/@pt\/115879304442486094","error":""},"_links":{"self":[{"href":"https:\/\/www.europesays.com\/pt\/wp-json\/wp\/v2\/posts\/225426","targetHints":{"allow":["GET"]}}],"collection":[{"href":"https:\/\/www.europesays.com\/pt\/wp-json\/wp\/v2\/posts"}],"about":[{"href":"https:\/\/www.europesays.com\/pt\/wp-json\/wp\/v2\/types\/post"}],"author":[{"embeddable":true,"href":"https:\/\/www.europesays.com\/pt\/wp-json\/wp\/v2\/users\/2"}],"replies":[{"embeddable":true,"href":"https:\/\/www.europesays.com\/pt\/wp-json\/wp\/v2\/comments?post=225426"}],"version-history":[{"count":0,"href":"https:\/\/www.europesays.com\/pt\/wp-json\/wp\/v2\/posts\/225426\/revisions"}],"wp:featuredmedia":[{"embeddable":true,"href":"https:\/\/www.europesays.com\/pt\/wp-json\/wp\/v2\/media\/225427"}],"wp:attachment":[{"href":"https:\/\/www.europesays.com\/pt\/wp-json\/wp\/v2\/media?parent=225426"}],"wp:term":[{"taxonomy":"category","embeddable":true,"href":"https:\/\/www.europesays.com\/pt\/wp-json\/wp\/v2\/categories?post=225426"},{"taxonomy":"post_tag","embeddable":true,"href":"https:\/\/www.europesays.com\/pt\/wp-json\/wp\/v2\/tags?post=225426"}],"curies":[{"name":"wp","href":"https:\/\/api.w.org\/{rel}","templated":true}]}}