{"id":225430,"date":"2026-01-12T00:34:15","date_gmt":"2026-01-12T00:34:15","guid":{"rendered":"https:\/\/www.europesays.com\/pt\/225430\/"},"modified":"2026-01-12T00:34:15","modified_gmt":"2026-01-12T00:34:15","slug":"heteroflexibilidade-a-tendencia-que-disparou-em-2025","status":"publish","type":"post","link":"https:\/\/www.europesays.com\/pt\/225430\/","title":{"rendered":"Heteroflexibilidade, a tend\u00eancia que disparou em 2025"},"content":{"rendered":"<p data-remotead-prev-elm=\"true\" data-remotead-elm-id=\"inread\">\u00c9 poss\u00edvel ser-se heterossexual e ter interesse epis\u00f3dico por pessoas do mesmo sexo? A resposta \u00e9 sim e tem uma designa\u00e7\u00e3o: heteroflexibilidade. &#8220;Trata-se de uma orienta\u00e7\u00e3o ou posicionamento sexual em que a pessoa se identifica maioritariamente como heterossexual, mas admite exce\u00e7\u00f5es ocasionais de atra\u00e7\u00e3o emocional, rom\u00e2ntica ou sexual por pessoas do mesmo sexo&#8221;, explica a psic\u00f3loga cl\u00ednica Isa Silvestre, que sublinha que este comportamento &#8220;n\u00e3o implica necessariamente uma identidade fixa ou uma pr\u00e1tica regular, mas antes uma flexibilidade na viv\u00eancia da atra\u00e7\u00e3o&#8221;.<\/p>\n<p>O comportamento tem vindo a ganhar destaque e adeptos. Segundo resultados apresentados pela aplica\u00e7\u00e3o de encontros Feeld, no seu relat\u00f3rio anual em torno sobre comportamentos em contexto de intimidade, a heteroflexibilidade emergiu como a tipologia de sexualidade que mais cresceu em 2025 (193%). &#8220;Estas mudan\u00e7as falam da crescente consci\u00eancia de que a sexualidade \u00e9 complexa. Seria surpreendente se as pessoas nunca tivessem curiosidade sexual sobre pessoas do seu pr\u00f3prio sexo ou g\u00e9nero, ou se a atra\u00e7\u00e3o funcionasse de maneira clara e previs\u00edvel&#8221;, analisa, em comunicado (que <a href=\"https:\/\/feeld.co\/press\/releases\/feeld-raw-2025\" target=\"_blank\" rel=\"nofollow noopener\">pode ler no original aqui<\/a>), o professor de \u00e9tica aplicada e codiretor do Centro para Amor, Sexo e Relacionamentos (CLSR) da Universidade de Leeds, Luke Brunning.<\/p>\n<p>Num mundo e numa sexualidade em mudan\u00e7a, importa explicar que heteroflexibilidade e bissexualidade s\u00e3o distintas. Uma pessoa heteroflex\u00edvel demonstra &#8220;predomin\u00e2ncia da atra\u00e7\u00e3o pelo sexo oposto, mantendo a autoidentifica\u00e7\u00e3o como heterossexual, revela abertura a exce\u00e7\u00f5es, que podem ser emocionais, rom\u00e2nticas ou sexuais, procura experi\u00eancias pontuais, sem necessidade de continuidade ou de rela\u00e7\u00f5es est\u00e1veis com pessoas do mesmo sexo, revela uma menor centralidade da orienta\u00e7\u00e3o sexual na identidade pessoal e h\u00e1 uma aus\u00eancia de desejo de rotula\u00e7\u00e3o r\u00edgida, valorizando antes a viv\u00eancia individual&#8221;, enumera a psic\u00f3loga e fundadora e CEO da Cl\u00ednica de Psicologia Isa Silvestre.<\/p>\n<p data-remotead-prev-elm=\"true\" data-remotead-elm-id=\"centro1\"><img decoding=\"async\" class=\"ngx-body\" guid=\"9aff9a49-a8c8-41fd-aa15-8fbecdaa7428\" src=\"https:\/\/www.europesays.com\/pt\/wp-content\/uploads\/2026\/01\/1768178055_399_image.webp.webp\" width=\"100%\"\/><\/p>\n<p>Isa Silvestre, Psic\u00f3loga Cl\u00ednica, Autora, CEO &amp; Founder da Cl\u00ednica de Psicologia Isa Silvestre [@isasilvestre.psicologa]<\/p>\n<p>J\u00e1 a bissexualidade &#8220;envolve uma atra\u00e7\u00e3o cont\u00ednua por mais do que um g\u00e9nero, ainda que essa atra\u00e7\u00e3o n\u00e3o seja sim\u00e9trica ou constante ao longo do tempo&#8221;, distingue a especialista, vincando que \u00e9 a &#8220;autorreflex\u00e3o, escuta interna&#8221; e experi\u00eancias que criam esta linha separadora entre as duas orienta\u00e7\u00f5es.<\/p>\n<p>Por isso, Isa Silvestre, lembrando ser importante na pr\u00e1tica cl\u00ednica &#8220;respeitar o ritmo do paciente e validar a sua viv\u00eancia, sem impor r\u00f3tulos&#8221;, apresenta quest\u00f5es individuais cujas respostas podem ajudar a trazer clareza. Entre elas, enumera: &#8220;A atra\u00e7\u00e3o pelo mesmo sexo \u00e9 recorrente ou rara? Consigo imaginar-me numa rela\u00e7\u00e3o afetiva duradoura com uma pessoa do mesmo sexo? A minha identidade sente-se mais alinhada com a heterossexualidade ou com a bissexualidade? Sinto necessidade de explorar ou de afirmar uma identidade espec\u00edfica?&#8221;<\/p>\n","protected":false},"excerpt":{"rendered":"\u00c9 poss\u00edvel ser-se heterossexual e ter interesse epis\u00f3dico por pessoas do mesmo sexo? A resposta \u00e9 sim e&hellip;\n","protected":false},"author":2,"featured_media":225431,"comment_status":"","ping_status":"","sticky":false,"template":"","format":"standard","meta":{"footnotes":""},"categories":[50],"tags":[27,28,20491,15,16,14,43396,2622,25,26,21,22,2623,62,12,13,19,20,23,24,216,17099,17,18,29,30,31,63,64,65],"class_list":{"0":"post-225430","1":"post","2":"type-post","3":"status-publish","4":"format-standard","5":"has-post-thumbnail","7":"category-mundo","8":"tag-breaking-news","9":"tag-breakingnews","10":"tag-delas","11":"tag-featured-news","12":"tag-featurednews","13":"tag-headlines","14":"tag-heteroflexibilidade","15":"tag-homens","16":"tag-latest-news","17":"tag-latestnews","18":"tag-main-news","19":"tag-mainnews","20":"tag-mulheres","21":"tag-mundo","22":"tag-news","23":"tag-noticias","24":"tag-noticias-principais","25":"tag-noticiasprincipais","26":"tag-principais-noticias","27":"tag-principaisnoticias","28":"tag-sexo","29":"tag-sexualidade","30":"tag-top-stories","31":"tag-topstories","32":"tag-ultimas","33":"tag-ultimas-noticias","34":"tag-ultimasnoticias","35":"tag-world","36":"tag-world-news","37":"tag-worldnews"},"share_on_mastodon":{"url":"https:\/\/pubeurope.com\/@pt\/115879324054835274","error":""},"_links":{"self":[{"href":"https:\/\/www.europesays.com\/pt\/wp-json\/wp\/v2\/posts\/225430","targetHints":{"allow":["GET"]}}],"collection":[{"href":"https:\/\/www.europesays.com\/pt\/wp-json\/wp\/v2\/posts"}],"about":[{"href":"https:\/\/www.europesays.com\/pt\/wp-json\/wp\/v2\/types\/post"}],"author":[{"embeddable":true,"href":"https:\/\/www.europesays.com\/pt\/wp-json\/wp\/v2\/users\/2"}],"replies":[{"embeddable":true,"href":"https:\/\/www.europesays.com\/pt\/wp-json\/wp\/v2\/comments?post=225430"}],"version-history":[{"count":0,"href":"https:\/\/www.europesays.com\/pt\/wp-json\/wp\/v2\/posts\/225430\/revisions"}],"wp:featuredmedia":[{"embeddable":true,"href":"https:\/\/www.europesays.com\/pt\/wp-json\/wp\/v2\/media\/225431"}],"wp:attachment":[{"href":"https:\/\/www.europesays.com\/pt\/wp-json\/wp\/v2\/media?parent=225430"}],"wp:term":[{"taxonomy":"category","embeddable":true,"href":"https:\/\/www.europesays.com\/pt\/wp-json\/wp\/v2\/categories?post=225430"},{"taxonomy":"post_tag","embeddable":true,"href":"https:\/\/www.europesays.com\/pt\/wp-json\/wp\/v2\/tags?post=225430"}],"curies":[{"name":"wp","href":"https:\/\/api.w.org\/{rel}","templated":true}]}}