{"id":225432,"date":"2026-01-12T00:36:10","date_gmt":"2026-01-12T00:36:10","guid":{"rendered":"https:\/\/www.europesays.com\/pt\/225432\/"},"modified":"2026-01-12T00:36:10","modified_gmt":"2026-01-12T00:36:10","slug":"barcelona-conquista-a-supertaca-de-espanha-com-espetaculo-de-raphinha","status":"publish","type":"post","link":"https:\/\/www.europesays.com\/pt\/225432\/","title":{"rendered":"Barcelona conquista a Superta\u00e7a de Espanha com espet\u00e1culo de Raphinha"},"content":{"rendered":"<p>&#13;<br \/>\nO grande protagonista da noite foi o brasileiro Raphinha, que assinou dois golos \u2014 o primeiro e o terceiro do Barcelona \u2014 tornando\u2011se decisivo num cl\u00e1ssico vibrante e cheio de altern\u00e2ncias. O extremo brasileiro voltou a mostrar porque ganha regularmente o r\u00f3tulo de \u201ccarrasco\u201d do Real Madrid, elevando o n\u00edvel em jogos grandes e destacando\u2011se pela intensidade e capacidade de desequilibrar no um\u2011para\u2011um.\u00a0&#13;\n<\/p>\n<p>&#13;<br \/>\nO outro golo catal\u00e3o foi marcado por Robert Lewandowski, que aproveitou um passe de Pedri para finalizar com classe e colocar novamente o Bar\u00e7a na frente, ainda na primeira parte.\u00a0&#13;\n<\/p>\n<p><img decoding=\"async\" src=\"https:\/\/www.europesays.com\/pt\/wp-content\/uploads\/2026\/01\/9ce4d1c13fa0d8b019698e7e8ddda47f.jpeg\"\/><\/p>\n<p>Um cl\u00e1ssico decidido nos detalhes<\/p>\n<p>&#13;<br \/>\nO Real Madrid, orientado por Xabi Alonso, respondeu com golos de Vin\u00edcius J\u00fanior \u2014 que quebrou um jejum de 16 jogos sem marcar \u2014 e de Gonzalo Garc\u00eda. O golo de Vin\u00edcius, aos 46 minutos, foi um dos momentos altos do encontro: arrancada pela esquerda, drible sobre Jules Kound\u00e9 e finaliza\u00e7\u00e3o de grande qualidade.&#13;\n<\/p>\n<p>&#13;<br \/>\nApesar da press\u00e3o madrilena nos minutos finais, sobretudo depois da expuls\u00e3o de um jogador do Barcelona j\u00e1 nos descontos, o guarda\u2011redes Joan Garc\u00eda esteve \u00e0 altura do desafio, segurando a vantagem com v\u00e1rias defesas decisivas.&#13;\n<\/p>\n<p><img decoding=\"async\" src=\"https:\/\/www.europesays.com\/pt\/wp-content\/uploads\/2026\/01\/6220483ade7c80f3e5670a6858ff9f49.jpeg\"\/><\/p>\n<p>Caminho do Barcelona at\u00e9 ao t\u00edtulo<\/p>\n<p>&#13;<br \/>\nO conjunto orientado por Hansi Flick j\u00e1 tinha mostrado for\u00e7a nas meias\u2011finais, quando goleou o Athletic Bilbao por 5-0, numa exibi\u00e7\u00e3o dominada por Raphinha (mais dois golos), Ferr\u00e1n Torres, Ferm\u00edn e Bardghji \u2014 um aviso claro de que chegava \u00e0 final em excelente forma.\u00a0&#13;\n<\/p>\n<p>&#13;<br \/>\nDo outro lado, o Real Madrid venceu o Atl\u00e9tico de Madrid por 2-1 na meia-final, garantindo assim o quarto El Cl\u00e1sico consecutivo em finais da Superta\u00e7a.\u00a0&#13;\n<\/p>\n<p>&#13;<br \/>\nEste triunfo refor\u00e7a uma tend\u00eancia recente: o Barcelona j\u00e1 tinha vencido a Superta\u00e7a em 2023 e 2025, e agora junta 2026, consolidando um ciclo de dom\u00ednio sobre o rival neste formato competitivo. O Real Madrid, por sua vez, apenas interrompeu esta sequ\u00eancia com o t\u00edtulo em 2024.\u00a0&#13;\n<\/p>\n<p>Com este t\u00edtulo, o Barcelona reafirma o seu estatuto de grande for\u00e7a do futebol espanhol no arranque de 2026, sustentado por um ataque criativo, um meio\u2011campo jovem e din\u00e2mico, e um Raphinha em modo decisivo.<\/p>\n<p>Ap\u00f3s conquistar a Superta\u00e7a, o Barcelona regressa \u00e0 competi\u00e7\u00e3o dom\u00e9stica j\u00e1 na pr\u00f3xima quinta\u2011feira, frente ao Racing Santander, em compromisso a contar para a Ta\u00e7a do Rei. O Real Madrid enfrenta o Albacete um dia antes.\u00a0&#13;\n            <\/p>\n","protected":false},"excerpt":{"rendered":"&#13; O grande protagonista da noite foi o brasileiro Raphinha, que assinou dois golos \u2014 o primeiro e&hellip;\n","protected":false},"author":2,"featured_media":225433,"comment_status":"","ping_status":"","sticky":false,"template":"","format":"standard","meta":{"footnotes":""},"categories":[8],"tags":[27,28,15,16,14,25,26,21,22,12,13,19,20,32,23,24,33,420,421,17,18,29,30,31],"class_list":{"0":"post-225432","1":"post","2":"type-post","3":"status-publish","4":"format-standard","5":"has-post-thumbnail","7":"category-principais-noticias","8":"tag-breaking-news","9":"tag-breakingnews","10":"tag-featured-news","11":"tag-featurednews","12":"tag-headlines","13":"tag-latest-news","14":"tag-latestnews","15":"tag-main-news","16":"tag-mainnews","17":"tag-news","18":"tag-noticias","19":"tag-noticias-principais","20":"tag-noticiasprincipais","21":"tag-portugal","22":"tag-principais-noticias","23":"tag-principaisnoticias","24":"tag-pt","25":"tag-rtp","26":"tag-rtp-noticias","27":"tag-top-stories","28":"tag-topstories","29":"tag-ultimas","30":"tag-ultimas-noticias","31":"tag-ultimasnoticias"},"share_on_mastodon":{"url":"https:\/\/pubeurope.com\/@pt\/115879332038603878","error":""},"_links":{"self":[{"href":"https:\/\/www.europesays.com\/pt\/wp-json\/wp\/v2\/posts\/225432","targetHints":{"allow":["GET"]}}],"collection":[{"href":"https:\/\/www.europesays.com\/pt\/wp-json\/wp\/v2\/posts"}],"about":[{"href":"https:\/\/www.europesays.com\/pt\/wp-json\/wp\/v2\/types\/post"}],"author":[{"embeddable":true,"href":"https:\/\/www.europesays.com\/pt\/wp-json\/wp\/v2\/users\/2"}],"replies":[{"embeddable":true,"href":"https:\/\/www.europesays.com\/pt\/wp-json\/wp\/v2\/comments?post=225432"}],"version-history":[{"count":0,"href":"https:\/\/www.europesays.com\/pt\/wp-json\/wp\/v2\/posts\/225432\/revisions"}],"wp:featuredmedia":[{"embeddable":true,"href":"https:\/\/www.europesays.com\/pt\/wp-json\/wp\/v2\/media\/225433"}],"wp:attachment":[{"href":"https:\/\/www.europesays.com\/pt\/wp-json\/wp\/v2\/media?parent=225432"}],"wp:term":[{"taxonomy":"category","embeddable":true,"href":"https:\/\/www.europesays.com\/pt\/wp-json\/wp\/v2\/categories?post=225432"},{"taxonomy":"post_tag","embeddable":true,"href":"https:\/\/www.europesays.com\/pt\/wp-json\/wp\/v2\/tags?post=225432"}],"curies":[{"name":"wp","href":"https:\/\/api.w.org\/{rel}","templated":true}]}}