{"id":225459,"date":"2026-01-12T00:57:11","date_gmt":"2026-01-12T00:57:11","guid":{"rendered":"https:\/\/www.europesays.com\/pt\/225459\/"},"modified":"2026-01-12T00:57:11","modified_gmt":"2026-01-12T00:57:11","slug":"bruno-fernandes-foi-vitima-de-ataque-informatico-e-alguns-posts-sao-hilariantes","status":"publish","type":"post","link":"https:\/\/www.europesays.com\/pt\/225459\/","title":{"rendered":"Bruno Fernandes foi v\u00edtima de ataque inform\u00e1tico e alguns posts s\u00e3o hilariantes"},"content":{"rendered":"<p>\u00abA conta X de <a class=\"autolink-enabled\" data-resource-id=\"5137\" data-resource-type=\"player\" data-sport=\"football\" href=\"https:\/\/www.abola.pt\/futebol\/jogador\/bruno-fernandes-5137\" rel=\"nofollow noopener\" target=\"_blank\">Bruno Fernandes<\/a> foi hackeada. Os adeptos n\u00e3o devem interagir com nenhuma das publica\u00e7\u00f5es ou mensagens diretas\u00bb, escreveu o clube.<\/p>\n<p>Entre as publica\u00e7\u00f5es feitas na conta do internacional portugu\u00eas surgiram refer\u00eancias inesperadas, como um an\u00fancio de uma alegada ida para o Macclesfield, equipa da sexta divis\u00e3o que recentemente eliminou o Crystal Palace da FA Cup, ou at\u00e9 uma poss\u00edvel mudan\u00e7a de modalidade, com uma convocat\u00f3ria para a sele\u00e7\u00e3o inglesa de cr\u00edquete.<\/p>\n","protected":false},"excerpt":{"rendered":"\u00abA conta X de Bruno Fernandes foi hackeada. Os adeptos n\u00e3o devem interagir com nenhuma das publica\u00e7\u00f5es ou&hellip;\n","protected":false},"author":2,"featured_media":225460,"comment_status":"","ping_status":"","sticky":false,"template":"","format":"standard","meta":{"footnotes":""},"categories":[87],"tags":[135,32,33,134],"class_list":{"0":"post-225459","1":"post","2":"type-post","3":"status-publish","4":"format-standard","5":"has-post-thumbnail","7":"category-desporto","8":"tag-desporto","9":"tag-portugal","10":"tag-pt","11":"tag-sports"},"share_on_mastodon":{"url":"https:\/\/pubeurope.com\/@pt\/115879414587639364","error":""},"_links":{"self":[{"href":"https:\/\/www.europesays.com\/pt\/wp-json\/wp\/v2\/posts\/225459","targetHints":{"allow":["GET"]}}],"collection":[{"href":"https:\/\/www.europesays.com\/pt\/wp-json\/wp\/v2\/posts"}],"about":[{"href":"https:\/\/www.europesays.com\/pt\/wp-json\/wp\/v2\/types\/post"}],"author":[{"embeddable":true,"href":"https:\/\/www.europesays.com\/pt\/wp-json\/wp\/v2\/users\/2"}],"replies":[{"embeddable":true,"href":"https:\/\/www.europesays.com\/pt\/wp-json\/wp\/v2\/comments?post=225459"}],"version-history":[{"count":0,"href":"https:\/\/www.europesays.com\/pt\/wp-json\/wp\/v2\/posts\/225459\/revisions"}],"wp:featuredmedia":[{"embeddable":true,"href":"https:\/\/www.europesays.com\/pt\/wp-json\/wp\/v2\/media\/225460"}],"wp:attachment":[{"href":"https:\/\/www.europesays.com\/pt\/wp-json\/wp\/v2\/media?parent=225459"}],"wp:term":[{"taxonomy":"category","embeddable":true,"href":"https:\/\/www.europesays.com\/pt\/wp-json\/wp\/v2\/categories?post=225459"},{"taxonomy":"post_tag","embeddable":true,"href":"https:\/\/www.europesays.com\/pt\/wp-json\/wp\/v2\/tags?post=225459"}],"curies":[{"name":"wp","href":"https:\/\/api.w.org\/{rel}","templated":true}]}}