{"id":225465,"date":"2026-01-12T01:01:16","date_gmt":"2026-01-12T01:01:16","guid":{"rendered":"https:\/\/www.europesays.com\/pt\/225465\/"},"modified":"2026-01-12T01:01:16","modified_gmt":"2026-01-12T01:01:16","slug":"a-sua-semana-dia-a-dia-rating-da-dbrs-novos-dados-e-contas-da-banca-nos-eua-mercados","status":"publish","type":"post","link":"https:\/\/www.europesays.com\/pt\/225465\/","title":{"rendered":"A sua semana dia a dia: Rating da DBRS, novos dados e contas da banca nos EUA &#8211; Mercados"},"content":{"rendered":"<td style=\"padding: 0 0 20px 0; text-align: left; border-bottom: 1px solid #DEDFE0;\" class=\"padMobile\">\n<p style=\"margin: 0; font-family: 'PT Sans', Arial, sans-serif; font-size: 17px; line-height: 1.5; color: #1f1f1f; text-decoration: none;\" data-empty=\"false\">A ag\u00eancia de nota\u00e7\u00e3o financeira DBRS tem agendada<br \/>\npara esta sexta-feira uma poss\u00edvel a\u00e7\u00e3o de rating para Portugal.\u00a0A \u00faltima<br \/>\navalia\u00e7\u00e3o da ag\u00eancia \u00e0 d\u00edvida da Rep\u00fablica aconteceu em julho passado, tendo ent\u00e3o<br \/>\ndecidido manter o rating soberano de Portugal em A (alto), com perspetiva<br \/>\nest\u00e1vel. A DBRS, recorde-se, <a href=\"https:\/\/www.jornaldenegocios.pt\/mercados\/obrigacoes\/detalhe\/dbrs-faz-primeira-avaliacao-de-portugal-a-16-de-janeiro-vao-ser-tres-em-2026\" rel=\"nofollow noopener\" target=\"_blank\">agendou<br \/>\ntr\u00eas avalia\u00e7\u00f5es ao rating portugu\u00eas em 2026<\/a>. A primeira acontece nesta<br \/>\nsexta-feira, seguindo-se outra a 15 de maio e a \u00faltima a 13 de novembro.\u00a0 \u00a0\u00a0<\/p>\n<\/td>\n","protected":false},"excerpt":{"rendered":"A ag\u00eancia de nota\u00e7\u00e3o financeira DBRS tem agendada para esta sexta-feira uma poss\u00edvel a\u00e7\u00e3o de rating para Portugal.\u00a0A&hellip;\n","protected":false},"author":2,"featured_media":225466,"comment_status":"","ping_status":"","sticky":false,"template":"","format":"standard","meta":{"footnotes":""},"categories":[83],"tags":[88,362,40955,20560,34963,89,90,235,10183,32,33],"class_list":{"0":"post-225465","1":"post","2":"type-post","3":"status-publish","4":"format-standard","5":"has-post-thumbnail","7":"category-empresas","8":"tag-business","9":"tag-casas","10":"tag-credito-e-divida","11":"tag-dbrs","12":"tag-dividas","13":"tag-economy","14":"tag-empresas","15":"tag-estados-unidos","16":"tag-investimentos","17":"tag-portugal","18":"tag-pt"},"share_on_mastodon":{"url":"https:\/\/pubeurope.com\/@pt\/115879430277085772","error":""},"_links":{"self":[{"href":"https:\/\/www.europesays.com\/pt\/wp-json\/wp\/v2\/posts\/225465","targetHints":{"allow":["GET"]}}],"collection":[{"href":"https:\/\/www.europesays.com\/pt\/wp-json\/wp\/v2\/posts"}],"about":[{"href":"https:\/\/www.europesays.com\/pt\/wp-json\/wp\/v2\/types\/post"}],"author":[{"embeddable":true,"href":"https:\/\/www.europesays.com\/pt\/wp-json\/wp\/v2\/users\/2"}],"replies":[{"embeddable":true,"href":"https:\/\/www.europesays.com\/pt\/wp-json\/wp\/v2\/comments?post=225465"}],"version-history":[{"count":0,"href":"https:\/\/www.europesays.com\/pt\/wp-json\/wp\/v2\/posts\/225465\/revisions"}],"wp:featuredmedia":[{"embeddable":true,"href":"https:\/\/www.europesays.com\/pt\/wp-json\/wp\/v2\/media\/225466"}],"wp:attachment":[{"href":"https:\/\/www.europesays.com\/pt\/wp-json\/wp\/v2\/media?parent=225465"}],"wp:term":[{"taxonomy":"category","embeddable":true,"href":"https:\/\/www.europesays.com\/pt\/wp-json\/wp\/v2\/categories?post=225465"},{"taxonomy":"post_tag","embeddable":true,"href":"https:\/\/www.europesays.com\/pt\/wp-json\/wp\/v2\/tags?post=225465"}],"curies":[{"name":"wp","href":"https:\/\/api.w.org\/{rel}","templated":true}]}}