{"id":225469,"date":"2026-01-12T01:03:27","date_gmt":"2026-01-12T01:03:27","guid":{"rendered":"https:\/\/www.europesays.com\/pt\/225469\/"},"modified":"2026-01-12T01:03:27","modified_gmt":"2026-01-12T01:03:27","slug":"o-santo-e-bom-mas-tambem-e-vingativo-promessas-alimentam-festa-de-sao-goncalinho","status":"publish","type":"post","link":"https:\/\/www.europesays.com\/pt\/225469\/","title":{"rendered":"&#8220;O santo \u00e9 bom, mas tamb\u00e9m \u00e9 vingativo&#8221;. Promessas alimentam festa de S\u00e3o Gon\u00e7alinho"},"content":{"rendered":"<p data-remotead-prev-elm=\"true\" data-remotead-elm-id=\"inread\">Lu\u00edsa vende cavacas e outros doces t\u00edpicos numa banca junto \u00e0 capela de S\u00e3o Gon\u00e7alinho, no bairro da Beira Mar, em Aveiro, onde decorre, at\u00e9 amanh\u00e3, a festa que permite a devotos atirar cavacas do alto do templo para pagar promessas ao santo. Tem sacos pequenos, para a &#8220;malta nova&#8221;, que &#8220;tem curiosidade,&#8221; levar para atirar, e outros maiores, de devotos que encomendam com anteced\u00eancia. A maior encomenda deste ano ronda os &#8220;150 quilos&#8221;.<\/p>\n","protected":false},"excerpt":{"rendered":"Lu\u00edsa vende cavacas e outros doces t\u00edpicos numa banca junto \u00e0 capela de S\u00e3o Gon\u00e7alinho, no bairro da&hellip;\n","protected":false},"author":2,"featured_media":225470,"comment_status":"","ping_status":"","sticky":false,"template":"","format":"standard","meta":{"footnotes":""},"categories":[10],"tags":[27,28,20387,15,16,43407,14,25,26,21,22,12,13,19,20,32,23,24,26337,33,17,18,29,30,31],"class_list":{"0":"post-225469","1":"post","2":"type-post","3":"status-publish","4":"format-standard","5":"has-post-thumbnail","7":"category-portugal","8":"tag-breaking-news","9":"tag-breakingnews","10":"tag-concelho-aveiro","11":"tag-featured-news","12":"tag-featurednews","13":"tag-festas-de-sao-goncalinho","14":"tag-headlines","15":"tag-latest-news","16":"tag-latestnews","17":"tag-main-news","18":"tag-mainnews","19":"tag-news","20":"tag-noticias","21":"tag-noticias-principais","22":"tag-noticiasprincipais","23":"tag-portugal","24":"tag-principais-noticias","25":"tag-principaisnoticias","26":"tag-promessas","27":"tag-pt","28":"tag-top-stories","29":"tag-topstories","30":"tag-ultimas","31":"tag-ultimas-noticias","32":"tag-ultimasnoticias"},"share_on_mastodon":{"url":"https:\/\/pubeurope.com\/@pt\/115879438128940088","error":""},"_links":{"self":[{"href":"https:\/\/www.europesays.com\/pt\/wp-json\/wp\/v2\/posts\/225469","targetHints":{"allow":["GET"]}}],"collection":[{"href":"https:\/\/www.europesays.com\/pt\/wp-json\/wp\/v2\/posts"}],"about":[{"href":"https:\/\/www.europesays.com\/pt\/wp-json\/wp\/v2\/types\/post"}],"author":[{"embeddable":true,"href":"https:\/\/www.europesays.com\/pt\/wp-json\/wp\/v2\/users\/2"}],"replies":[{"embeddable":true,"href":"https:\/\/www.europesays.com\/pt\/wp-json\/wp\/v2\/comments?post=225469"}],"version-history":[{"count":0,"href":"https:\/\/www.europesays.com\/pt\/wp-json\/wp\/v2\/posts\/225469\/revisions"}],"wp:featuredmedia":[{"embeddable":true,"href":"https:\/\/www.europesays.com\/pt\/wp-json\/wp\/v2\/media\/225470"}],"wp:attachment":[{"href":"https:\/\/www.europesays.com\/pt\/wp-json\/wp\/v2\/media?parent=225469"}],"wp:term":[{"taxonomy":"category","embeddable":true,"href":"https:\/\/www.europesays.com\/pt\/wp-json\/wp\/v2\/categories?post=225469"},{"taxonomy":"post_tag","embeddable":true,"href":"https:\/\/www.europesays.com\/pt\/wp-json\/wp\/v2\/tags?post=225469"}],"curies":[{"name":"wp","href":"https:\/\/api.w.org\/{rel}","templated":true}]}}