{"id":225479,"date":"2026-01-12T01:12:08","date_gmt":"2026-01-12T01:12:08","guid":{"rendered":"https:\/\/www.europesays.com\/pt\/225479\/"},"modified":"2026-01-12T01:12:08","modified_gmt":"2026-01-12T01:12:08","slug":"jose-mourinho-insiste-na-contratacao-de-rafa-silva-por-parte-do-benfica","status":"publish","type":"post","link":"https:\/\/www.europesays.com\/pt\/225479\/","title":{"rendered":"Jos\u00e9 Mourinho insiste na contrata\u00e7\u00e3o de Rafa Silva por parte do Benfica"},"content":{"rendered":"<p>&#8211; Advertisement &#8211;<\/p>\n<p>Jos\u00e9 Mourinho quer que Rafa Silva seja jogador do Benfica. A informa\u00e7\u00e3o est\u00e1 a ser avan\u00e7ada pelo Now, que indica que o treinador tem insistido na quest\u00e3o desejando que o internacional portugu\u00eas regresse ao Est\u00e1dio da Luz j\u00e1 neste mercado de transfer\u00eancias de janeiro.<\/p>\n<p>Recordar que<a href=\"https:\/\/bolanarede.pt\/especial-bola-na-rede\/atualidade\/benfica-apresenta-proposta-oficial-por-rafa-silva-eis-os-milhoes-de-euros-em-cima-da-mesa\/\" target=\"_blank\" rel=\"noreferrer noopener nofollow\"> as ofertas que os encarnados t\u00eam feito n\u00e3o chegam ao valor pretendido pelo Besiktas para aceitar vender o extremo<\/a>: 10 milh\u00f5es de euros. O Benfica dever\u00e1 enviar em breve uma nova oferta para tentar a contrata\u00e7\u00e3o de Rafa Silva, que est\u00e1 afastado do plantel principal.<\/p>\n<p>Jos\u00e9 Mourinho e Rafa Silva cruzaram-se uma \u00e9poca na Turquia, quando o treinador era t\u00e9cnico do Fenerbah\u00e7e. O jogador abandonou o Benfica no final de 2023\/24, depois do t\u00e9rmino do seu v\u00ednculo. <\/p>\n","protected":false},"excerpt":{"rendered":"&#8211; Advertisement &#8211; Jos\u00e9 Mourinho quer que Rafa Silva seja jogador do Benfica. A informa\u00e7\u00e3o est\u00e1 a ser&hellip;\n","protected":false},"author":2,"featured_media":190424,"comment_status":"","ping_status":"","sticky":false,"template":"","format":"standard","meta":{"footnotes":""},"categories":[87],"tags":[260,51,135,478,1385,32,33,21749,134],"class_list":{"0":"post-225479","1":"post","2":"type-post","3":"status-publish","4":"format-standard","5":"has-post-thumbnail","7":"category-desporto","8":"tag-atualidade","9":"tag-benfica","10":"tag-desporto","11":"tag-destaques-bnr","12":"tag-jose-mourinho","13":"tag-portugal","14":"tag-pt","15":"tag-rafa-silva","16":"tag-sports"},"share_on_mastodon":{"url":"https:\/\/pubeurope.com\/@pt\/115879474172028222","error":""},"_links":{"self":[{"href":"https:\/\/www.europesays.com\/pt\/wp-json\/wp\/v2\/posts\/225479","targetHints":{"allow":["GET"]}}],"collection":[{"href":"https:\/\/www.europesays.com\/pt\/wp-json\/wp\/v2\/posts"}],"about":[{"href":"https:\/\/www.europesays.com\/pt\/wp-json\/wp\/v2\/types\/post"}],"author":[{"embeddable":true,"href":"https:\/\/www.europesays.com\/pt\/wp-json\/wp\/v2\/users\/2"}],"replies":[{"embeddable":true,"href":"https:\/\/www.europesays.com\/pt\/wp-json\/wp\/v2\/comments?post=225479"}],"version-history":[{"count":0,"href":"https:\/\/www.europesays.com\/pt\/wp-json\/wp\/v2\/posts\/225479\/revisions"}],"wp:featuredmedia":[{"embeddable":true,"href":"https:\/\/www.europesays.com\/pt\/wp-json\/wp\/v2\/media\/190424"}],"wp:attachment":[{"href":"https:\/\/www.europesays.com\/pt\/wp-json\/wp\/v2\/media?parent=225479"}],"wp:term":[{"taxonomy":"category","embeddable":true,"href":"https:\/\/www.europesays.com\/pt\/wp-json\/wp\/v2\/categories?post=225479"},{"taxonomy":"post_tag","embeddable":true,"href":"https:\/\/www.europesays.com\/pt\/wp-json\/wp\/v2\/tags?post=225479"}],"curies":[{"name":"wp","href":"https:\/\/api.w.org\/{rel}","templated":true}]}}