{"id":225492,"date":"2026-01-12T01:20:27","date_gmt":"2026-01-12T01:20:27","guid":{"rendered":"https:\/\/www.europesays.com\/pt\/225492\/"},"modified":"2026-01-12T01:20:27","modified_gmt":"2026-01-12T01:20:27","slug":"o-que-e-tabi-o-sapato-diferentao-de-wagner-moura-no-globo-de-ouro","status":"publish","type":"post","link":"https:\/\/www.europesays.com\/pt\/225492\/","title":{"rendered":"O que \u00e9 Tabi? O &#8216;sapato diferent\u00e3o&#8217; de Wagner Moura no Globo de Ouro"},"content":{"rendered":"<p>\n                        Ator representa o Brasil e pode subir ao palco com o modelo que divide opini\u00f5es\n                    <\/p>\n<ul class=\"article__header__author\">\n<li class=\"article__header__author__item\">\n                                                                                    <img loading=\"lazy\" decoding=\"async\" src=\"https:\/\/www.europesays.com\/pt\/wp-content\/uploads\/2025\/10\/whatsapp-image-2024-09-03-at-14-45-48-1hbd9pz0x8oxh.jpeg\" width=\"32\" height=\"32\" title=\"Maria Luiza Valeriano\" alt=\"Maria Luiza Valeriano\" class=\"author-picture\"\/><br \/>\n                                                                            Por:<br \/>\n                                                                                    Maria Luiza Valeriano\n                                                                        <\/li>\n<\/ul>\n<p><img loading=\"lazy\" decoding=\"async\" alt=\"Wagner Moura ao lado da esposa\" class=\"img-4ea1ef9855f24e0297a8b80cfa747e8am9s8iwby\" height=\"391\" src=\"https:\/\/www.europesays.com\/pt\/wp-content\/uploads\/2026\/01\/captura-de-tela-2026-01-11-200227-1iev17fhiiypj.png\"  title=\"Wagner Moura ao lado da esposa\" width=\"774\"\/><\/p>\n<p>Wagner Moura ao lado da esposa<\/p>\n<p>Foto: Frazer Harrison \/ WireImage<\/p>\n<p class=\"text\">Pode parecer estranho, mas esse sapato est\u00e1 dominando a moda mundial e foi o escolhido pelo <a href=\"https:\/\/www.terra.com.br\/diversao\/entre-telas\/os-2-melhores-filmes-brasileiros-da-historia-segundo-wagner-moura,75c4268de88b25248c46e27291a6ae8can4l9gzw.html\" rel=\"nofollow noopener\" target=\"_blank\">Wagner Moura<\/a> para possivelmente subir ao palco do <a href=\"https:\/\/www.terra.com.br\/diversao\/globo-de-ouro-por-que-o-premio-e-tao-importante-para-o-cinema-mundial,562a602a96f69cf16e7f2be55373f722wt2oefds.html\" rel=\"nofollow noopener\" target=\"_blank\">Globo de Ouro<\/a> e fazer hist\u00f3ria como Melhor Ator em Filme de Drama, Melhor Filme &#8211; Drama e Melhor Filme em L\u00edngua N\u00e3o-Inglesa com <a href=\"https:\/\/www.terra.com.br\/diversao\/entre-telas\/onde-assistir-a-cerimonia-do-globo-de-ouro-wagner-moura-e-o-agente-secreto-estao-na-briga,555bc5d757ba1dbd8599a7095508847a8n2tnwds.html\" rel=\"nofollow noopener\" target=\"_blank\">O Agente Secreto<\/a>. Estamos falando do Tabi, criado pela Maison Margiela.<\/p>\n<blockquote>\n<\/blockquote>\n<p class=\"text\">Fora do nicho de moda que j\u00e1 o acolheu, o sapato choca com a separa\u00e3o do ded\u00e3o dos demais dedos, rendendo um apelido n\u00e3o t\u00e3o carinhoso: p\u00e9 de vaca.\u00a0Mas o estranhamento \u00e9 parte do charme. O design diferente virou um sinal de estilo e ousadia, adotado por celebridades como Dua Lipa, Zendaya e Pedro Pascal, e presen\u00e7a constante em desfiles e cenas de street style mundo afora.<\/p>\n<p><img alt=\"Wagner Moura chega no tapete vermelho do Globo de Ouro\" class=\"img-4a8cfd40dee73bf98c0021cf1197f1d88euery6z\" decoding=\"async\" height=\"1161\" loading=\"lazy\" src=\"https:\/\/www.europesays.com\/pt\/wp-content\/uploads\/2026\/01\/gettyimages-2255765534-vbbuedwzzneg.jpg\"  title=\"Wagner Moura chega no tapete vermelho do Globo de Ouro\" width=\"774\"\/><\/p>\n<p>Wagner Moura chega no tapete vermelho do Globo de Ouro<\/p>\n<p>Foto: Amy Sussman \/ Getty Images<\/p>\n<p class=\"text\">Criado em 1988 por Martin Margiela, o modelo levou d\u00e9cadas para alcan\u00e7ar o estrelato global. O empurr\u00e3o definitivo veio em 2023 com o caso do &#8220;Tabi Swiper&#8221; (Assaltante de Tabi, em tradu\u00e7\u00e3o livre). Um par do sapato desapareceu ap\u00f3s um encontro marcado pelo Tinder, e a hist\u00f3ria viralizou no TikTok. De repente, o Tabi deixou de ser apenas um sapato e se tornou uma esp\u00e9cie de personagem da cultura pop.<\/p>\n<p class=\"text\">O que poucos sabem \u00e9 que o Tabi se inspira nos jika-tabi, cal\u00e7ados tradicionais japoneses do s\u00e9culo XV, usados por trabalhadores e guerreiros para melhorar o equil\u00edbrio e a mobilidade do corpo.\u00a0<\/p>\n<p><img alt=\"Tabi de couro do per\u00edodo Edo (1603-1867)\" class=\"img-59389990b2b06c88f033bf8694b1f63b337xu9q7\" decoding=\"async\" height=\"581\" loading=\"lazy\" src=\"https:\/\/www.europesays.com\/pt\/wp-content\/uploads\/2026\/01\/1920px-kutsu_1-t8cfveb9f90m.jpeg\"  title=\"Tabi de couro do per\u00edodo Edo (1603-1867)\" width=\"774\"\/><\/p>\n<p>Tabi de couro do per\u00edodo Edo (1603-1867)<\/p>\n<p>Foto: Samuraiantiqueworld\/Wikimedia<\/p>\n","protected":false},"excerpt":{"rendered":"Ator representa o Brasil e pode subir ao palco com o modelo que divide opini\u00f5es Por: Maria Luiza&hellip;\n","protected":false},"author":2,"featured_media":225493,"comment_status":"","ping_status":"","sticky":false,"template":"","format":"standard","meta":{"footnotes":""},"categories":[145],"tags":[211,210,114,115,32,33],"class_list":{"0":"post-225492","1":"post","2":"type-post","3":"status-publish","4":"format-standard","5":"has-post-thumbnail","7":"category-celebridades","8":"tag-celebridades","9":"tag-celebrities","10":"tag-entertainment","11":"tag-entretenimento","12":"tag-portugal","13":"tag-pt"},"share_on_mastodon":{"url":"https:\/\/pubeurope.com\/@pt\/115879505035028258","error":""},"_links":{"self":[{"href":"https:\/\/www.europesays.com\/pt\/wp-json\/wp\/v2\/posts\/225492","targetHints":{"allow":["GET"]}}],"collection":[{"href":"https:\/\/www.europesays.com\/pt\/wp-json\/wp\/v2\/posts"}],"about":[{"href":"https:\/\/www.europesays.com\/pt\/wp-json\/wp\/v2\/types\/post"}],"author":[{"embeddable":true,"href":"https:\/\/www.europesays.com\/pt\/wp-json\/wp\/v2\/users\/2"}],"replies":[{"embeddable":true,"href":"https:\/\/www.europesays.com\/pt\/wp-json\/wp\/v2\/comments?post=225492"}],"version-history":[{"count":0,"href":"https:\/\/www.europesays.com\/pt\/wp-json\/wp\/v2\/posts\/225492\/revisions"}],"wp:featuredmedia":[{"embeddable":true,"href":"https:\/\/www.europesays.com\/pt\/wp-json\/wp\/v2\/media\/225493"}],"wp:attachment":[{"href":"https:\/\/www.europesays.com\/pt\/wp-json\/wp\/v2\/media?parent=225492"}],"wp:term":[{"taxonomy":"category","embeddable":true,"href":"https:\/\/www.europesays.com\/pt\/wp-json\/wp\/v2\/categories?post=225492"},{"taxonomy":"post_tag","embeddable":true,"href":"https:\/\/www.europesays.com\/pt\/wp-json\/wp\/v2\/tags?post=225492"}],"curies":[{"name":"wp","href":"https:\/\/api.w.org\/{rel}","templated":true}]}}