{"id":225496,"date":"2026-01-12T01:28:01","date_gmt":"2026-01-12T01:28:01","guid":{"rendered":"https:\/\/www.europesays.com\/pt\/225496\/"},"modified":"2026-01-12T01:28:01","modified_gmt":"2026-01-12T01:28:01","slug":"novo-estudo-desvenda-relacao-entre-menopausa-e-demencia-noticias-de-coimbra","status":"publish","type":"post","link":"https:\/\/www.europesays.com\/pt\/225496\/","title":{"rendered":"Novo estudo desvenda rela\u00e7\u00e3o entre menopausa e dem\u00eancia \u2013 Not\u00edcias de Coimbra"},"content":{"rendered":"<p><strong>De acordo com uma revis\u00e3o sistem\u00e1tica de larga escala, n\u00e3o h\u00e1 evid\u00eancias fortes de que a reposi\u00e7\u00e3o hormonal ap\u00f3s a menopausa esteja relacionada ao risco de dem\u00eancia.<\/strong><\/p>\n<p>PUBLICIDADE<\/p>\n<p>\t\t\t\t\t\t<a class=\"publicidade-imagem d-flex justify-content-center\" href=\"https:\/\/www.recenseamento.pt\/?utm_source=noticiasdecoimbrapt&amp;utm_medium=display&amp;utm_content=mrec&amp;utm_campaign=presidenciais26_primeiravolta\" rel=\"nofollow noopener\" target=\"_blank\"><br \/>\n\t\t\t\t\t\t  <img loading=\"lazy\" width=\"300\" height=\"250\" decoding=\"async\" src=\"https:\/\/www.europesays.com\/pt\/wp-content\/uploads\/2026\/01\/MOP-6seg-300x250_1.gif\" alt=\"publicidade\" class=\"img-fluid\"\/><br \/>\n\t\t\t\t\t\t<\/a><\/p>\n<p>O estudo, que analisou os dados de mais de um milh\u00e3o de mulheres, foi encomendado pela Organiza\u00e7\u00e3o Mundial da Sa\u00fade (OMS) e \u00e9 a investiga\u00e7\u00e3o mais rigorosa at\u00e9 hoje sobre o impacto da Terapia Hormonal na Menopausa (THM) na sa\u00fade cognitiva.<\/p>\n<p>A revis\u00e3o, conduzida pela psic\u00f3loga cl\u00ednica Aimee Spector da University College London (UCL), visa ajudar a informar as pr\u00f3ximas diretrizes da OMS sobre o risco de decl\u00ednio cognitivo e dem\u00eancia, previstas para serem divulgadas em 2026. Embora existam evid\u00eancias de que a menopausa possa estar associada a mudan\u00e7as no c\u00e9rebro e no risco de dem\u00eancia, a revis\u00e3o n\u00e3o encontrou uma liga\u00e7\u00e3o clara entre a THM e o risco de dem\u00eancia, seja para melhor ou para pior.<\/p>\n<p>A maioria dos estudos analisados foi observacional, o que significa que n\u00e3o \u00e9 poss\u00edvel afirmar uma rela\u00e7\u00e3o de causa e efeito. Alguns estudos mostraram associa\u00e7\u00f5es inconsistentes com a dem\u00eancia, mas essas associa\u00e7\u00f5es eram de baixa certeza. Al\u00e9m disso, a formula\u00e7\u00e3o, a dosagem e o momento da prescri\u00e7\u00e3o da THM variaram amplamente entre os estudos, refere o <a href=\"https:\/\/www.sciencealert.com\/menopause-hormone-therapy-is-not-linked-to-dementia-risk-review-suggests\" data-type=\"link\" data-id=\"https:\/\/www.sciencealert.com\/menopause-hormone-therapy-is-not-linked-to-dementia-risk-review-suggests\" rel=\"nofollow noopener\" target=\"_blank\">Science Alert. <\/a><\/p>\n<p>Embora alguns estudos sugerissem que a THM poderia reduzir o risco de Alzheimer, a revis\u00e3o atual n\u00e3o encontrou evid\u00eancias robustas que sustentassem essa afirma\u00e7\u00e3o. Os resultados tamb\u00e9m est\u00e3o alinhados com a recomenda\u00e7\u00e3o da Administra\u00e7\u00e3o de Alimentos e Medicamentos dos EUA (FDA), que recentemente anunciou planos de retirar os alertas de risco de dem\u00eancia para produtos de THM.<\/p>\n<p>Os pesquisadores conclu\u00edram que, embora a THM seja eficaz para tratar sintomas da menopausa, como ondas de calor e osteoporose, n\u00e3o existem evid\u00eancias suficientes para recomendar a terapia exclusivamente para a redu\u00e7\u00e3o do risco de dem\u00eancia. A revis\u00e3o sugere que s\u00e3o necess\u00e1rios mais estudos de alta qualidade para esclarecer o papel da THM em rela\u00e7\u00e3o \u00e0 dem\u00eancia.<\/p>\n","protected":false},"excerpt":{"rendered":"De acordo com uma revis\u00e3o sistem\u00e1tica de larga escala, n\u00e3o h\u00e1 evid\u00eancias fortes de que a reposi\u00e7\u00e3o hormonal&hellip;\n","protected":false},"author":2,"featured_media":225497,"comment_status":"","ping_status":"","sticky":false,"template":"","format":"standard","meta":{"footnotes":""},"categories":[86],"tags":[116,32,33,117],"class_list":{"0":"post-225496","1":"post","2":"type-post","3":"status-publish","4":"format-standard","5":"has-post-thumbnail","7":"category-saude","8":"tag-health","9":"tag-portugal","10":"tag-pt","11":"tag-saude"},"share_on_mastodon":{"url":"https:\/\/pubeurope.com\/@pt\/115879536409727579","error":""},"_links":{"self":[{"href":"https:\/\/www.europesays.com\/pt\/wp-json\/wp\/v2\/posts\/225496","targetHints":{"allow":["GET"]}}],"collection":[{"href":"https:\/\/www.europesays.com\/pt\/wp-json\/wp\/v2\/posts"}],"about":[{"href":"https:\/\/www.europesays.com\/pt\/wp-json\/wp\/v2\/types\/post"}],"author":[{"embeddable":true,"href":"https:\/\/www.europesays.com\/pt\/wp-json\/wp\/v2\/users\/2"}],"replies":[{"embeddable":true,"href":"https:\/\/www.europesays.com\/pt\/wp-json\/wp\/v2\/comments?post=225496"}],"version-history":[{"count":0,"href":"https:\/\/www.europesays.com\/pt\/wp-json\/wp\/v2\/posts\/225496\/revisions"}],"wp:featuredmedia":[{"embeddable":true,"href":"https:\/\/www.europesays.com\/pt\/wp-json\/wp\/v2\/media\/225497"}],"wp:attachment":[{"href":"https:\/\/www.europesays.com\/pt\/wp-json\/wp\/v2\/media?parent=225496"}],"wp:term":[{"taxonomy":"category","embeddable":true,"href":"https:\/\/www.europesays.com\/pt\/wp-json\/wp\/v2\/categories?post=225496"},{"taxonomy":"post_tag","embeddable":true,"href":"https:\/\/www.europesays.com\/pt\/wp-json\/wp\/v2\/tags?post=225496"}],"curies":[{"name":"wp","href":"https:\/\/api.w.org\/{rel}","templated":true}]}}