{"id":225502,"date":"2026-01-12T01:34:10","date_gmt":"2026-01-12T01:34:10","guid":{"rendered":"https:\/\/www.europesays.com\/pt\/225502\/"},"modified":"2026-01-12T01:34:10","modified_gmt":"2026-01-12T01:34:10","slug":"ja-a-pensar-nas-ferias-deste-ano-12-destinos-imperdiveis","status":"publish","type":"post","link":"https:\/\/www.europesays.com\/pt\/225502\/","title":{"rendered":"J\u00e1 a pensar nas f\u00e9rias deste ano? 12 destinos imperd\u00edveis"},"content":{"rendered":"<p>O ano ainda agora come\u00e7ou, mas n\u00e3o \u00e9 tarde para ver destinos de viagens. Se j\u00e1 est\u00e1 a pensar nas pr\u00f3ximas f\u00e9rias e ainda n\u00e3o sabe onde ir, est\u00e1 no artigo certo. Sugerimos alguns dos melhores destinos para viajar ao longo deste ano. Veja j\u00e1 os voos, os alojamentos e comece a fazer a mala.<\/p>\n<p>A revista Cond\u00e9 Nast Traveler elegeu alguns dos melhores destinos de f\u00e9rias para 2026. Existem propostas mais culturais, de natureza e at\u00e9 para descansar. S\u00e3o as melhores sugest\u00f5es para ir em fam\u00edlia, com amigos, em casal e at\u00e9 sozinho.<\/p>\n<p>                                                    Os melhores destinos para viajar em 2026<\/p>\n<p>Conhe\u00e7a alguns dos destinos que t\u00eam de fazer parte da sua lista de viagens ao longo do ano. Seja para uma escapadinha ou umas f\u00e9rias mais prolongadas.<\/p>\n<p>1- Arusha, Tanz\u00e2nia<\/p>\n<p>\u201cEmbora a cidade tenha recebido aten\u00e7\u00e3o recentemente devido aos protestos relacionados com as elei\u00e7\u00f5es de 2025, Arusha tamb\u00e9m est\u00e1 repleta de outras atividades, cortesia de empreendedores locais, desde o coletivo afro-minimalista Makao Collective, at\u00e9 o Opuk Lounge, que prepara deliciosos piqueniques embalados para o safari.\u201d<\/p>\n<p>Leia Tamb\u00e9m: <a href=\"https:\/\/www.noticiasaominuto.com\/lifestyle\/2903287\/cinco-destinos-na-europa-para-uma-escapadinha-perfeita-este-inverno\" target=\"_blank\" rel=\"noopener noreferrer nofollow\">Cinco destinos na Europa para uma escapadinha perfeita este inverno<\/a><\/p>\n<p>2- Bruxelas, B\u00e9lgica<\/p>\n<p>\u201cEsta capital europeia, muitas vezes negligenciada, est\u00e1 a viver um momento cultural vibrante, sinalizando uma transi\u00e7\u00e3o de um centro burocr\u00e1tico para uma pot\u00eancia criativa.\u201d<\/p>\n<p>3- Chiriqu\u00ed, Panam\u00e1<\/p>\n<p>\u201cLocalizada a aproximadamente 480 quil\u00f3metros a sudoeste da Cidade do Panam\u00e1 e banhada pelo Oceano Pac\u00edfico, emergiu na \u00faltima d\u00e9cada como um ref\u00fagio paradis\u00edaco.\u201d<\/p>\n<p>4- Utah, Estados Unidos<\/p>\n<p>\u201cA temporada de esqui vai do in\u00edcio de dezembro at\u00e9 meados de abril, e a neve natural \u00e9 complementada por neve artificial que cobre \u00e1reas estrat\u00e9gicas.\u201d<\/p>\n<p>5- East Coast, Barbados<\/p>\n<p>\u201cEmbora os resorts de luxo mais populares de Barbados estejam localizados ao longo da tranquila costa oeste do Mar do Caribe, os viajantes mais aventureiros podem conduzir apenas meia hora a nordeste do Aeroporto de Grantley Adams ou dos movimentados portos de cruzeiro de Bridgetown para chegar \u00e0 costa atl\u00e2ntica mais acidentada.\u201d<\/p>\n<p>6- Fez, Marrocos<\/p>\n<p>\u201cFez \u00e9 a capital cultural e o centro intelectual de Marrocos, mas ainda permanece pouco conhecida.\u201d<\/p>\n<p>7- Gab\u00e3o<\/p>\n<p>\u201cA floresta tropical africana intocada a entrar no mar \u00e9 uma alternativa imersiva e ativa aos saf\u00e1ris tradicionais. Ir\u00e1 conseguir sentir-se em isolamento, se assim desejar.\u201d<\/p>\n<p>8- Guadalajara, M\u00e9xico<\/p>\n<p>\u201cEm 2026, a terceira maior cidade do M\u00e9xico tamb\u00e9m vai exibir as suas conquistas culturais como sede de diversos eventos de n\u00edvel internacional.\u201d<\/p>\n<p>9- Hong Kong<\/p>\n<p>\u201cSempre voltada para o futuro, Hong Kong aprimora ainda mais suas credenciais tur\u00edsticas em 2026. Tanto dentro quanto fora da ilha, a cena cultural est\u00e1 florescer.\u201d<\/p>\n<p>11- Medell\u00edn, Col\u00f4mbia<\/p>\n<p>\u201cPoucos lugares na Am\u00e9rica Latina personificam a reinven\u00e7\u00e3o como Medell\u00edn. A segunda maior cidade da Col\u00f4mbia passou, em menos de duas d\u00e9cadas, de capital dos cart\u00e9is a modelo de engenhosidade urbana.\u201d<\/p>\n<p>12- Minas Gerais, Brasil<\/p>\n<p>\u201cCom as suas profundas tradi\u00e7\u00f5es culin\u00e1rias, ecos da arquitetura colonial e a famosa e calorosa hospitalidade, Minas Gerais, um dos maiores estados do Brasil, est\u00e1 entre os seus tesouros mais subestimados.\u201d<\/p>\n<p>Carregue na galeria para conhecer os destinos perfeitos para 2026.<\/p>\n<p>                                                    <img decoding=\"async\" height=\"640\" with=\"360\" src=\"https:\/\/www.europesays.com\/pt\/wp-content\/uploads\/2026\/01\/naom_6957c21aaa14b.jpg\" border=\"0\" alt=\"Viagens: 10 jardins bot\u00e2nicos que tem de visitar uma vez na vida\"\/><\/p>\n<p>Se est\u00e1 a planear as viagens de 2026 e \u00e9 adepto de plantas, flores e \u00e1rvores, o melhor \u00e9 pensar incluir estes destinos na sua lista. Aqui est\u00e3o alguns dos jardins bot\u00e2nicos mais impressionantes do mundo. Veja a lista e fa\u00e7a as malas.<\/p>\n<p>                                                     Adriano Guerreiro | 14:23 &#8211; 02\/01\/2026 <\/p>\n","protected":false},"excerpt":{"rendered":"O ano ainda agora come\u00e7ou, mas n\u00e3o \u00e9 tarde para ver destinos de viagens. Se j\u00e1 est\u00e1 a&hellip;\n","protected":false},"author":2,"featured_media":225503,"comment_status":"","ping_status":"","sticky":false,"template":"","format":"standard","meta":{"footnotes":""},"categories":[50],"tags":[27,28,15,16,14,25,26,21,22,62,12,13,19,20,23,24,17,18,29,30,31,63,64,65],"class_list":{"0":"post-225502","1":"post","2":"type-post","3":"status-publish","4":"format-standard","5":"has-post-thumbnail","7":"category-mundo","8":"tag-breaking-news","9":"tag-breakingnews","10":"tag-featured-news","11":"tag-featurednews","12":"tag-headlines","13":"tag-latest-news","14":"tag-latestnews","15":"tag-main-news","16":"tag-mainnews","17":"tag-mundo","18":"tag-news","19":"tag-noticias","20":"tag-noticias-principais","21":"tag-noticiasprincipais","22":"tag-principais-noticias","23":"tag-principaisnoticias","24":"tag-top-stories","25":"tag-topstories","26":"tag-ultimas","27":"tag-ultimas-noticias","28":"tag-ultimasnoticias","29":"tag-world","30":"tag-world-news","31":"tag-worldnews"},"share_on_mastodon":{"url":"https:\/\/pubeurope.com\/@pt\/115879560116099649","error":""},"_links":{"self":[{"href":"https:\/\/www.europesays.com\/pt\/wp-json\/wp\/v2\/posts\/225502","targetHints":{"allow":["GET"]}}],"collection":[{"href":"https:\/\/www.europesays.com\/pt\/wp-json\/wp\/v2\/posts"}],"about":[{"href":"https:\/\/www.europesays.com\/pt\/wp-json\/wp\/v2\/types\/post"}],"author":[{"embeddable":true,"href":"https:\/\/www.europesays.com\/pt\/wp-json\/wp\/v2\/users\/2"}],"replies":[{"embeddable":true,"href":"https:\/\/www.europesays.com\/pt\/wp-json\/wp\/v2\/comments?post=225502"}],"version-history":[{"count":0,"href":"https:\/\/www.europesays.com\/pt\/wp-json\/wp\/v2\/posts\/225502\/revisions"}],"wp:featuredmedia":[{"embeddable":true,"href":"https:\/\/www.europesays.com\/pt\/wp-json\/wp\/v2\/media\/225503"}],"wp:attachment":[{"href":"https:\/\/www.europesays.com\/pt\/wp-json\/wp\/v2\/media?parent=225502"}],"wp:term":[{"taxonomy":"category","embeddable":true,"href":"https:\/\/www.europesays.com\/pt\/wp-json\/wp\/v2\/categories?post=225502"},{"taxonomy":"post_tag","embeddable":true,"href":"https:\/\/www.europesays.com\/pt\/wp-json\/wp\/v2\/tags?post=225502"}],"curies":[{"name":"wp","href":"https:\/\/api.w.org\/{rel}","templated":true}]}}