{"id":225555,"date":"2026-01-12T02:30:09","date_gmt":"2026-01-12T02:30:09","guid":{"rendered":"https:\/\/www.europesays.com\/pt\/225555\/"},"modified":"2026-01-12T02:30:09","modified_gmt":"2026-01-12T02:30:09","slug":"impressionante-bayern-com-golo-de-guerreiro-aplica-goleada-que-ja-nao-se-usa","status":"publish","type":"post","link":"https:\/\/www.europesays.com\/pt\/225555\/","title":{"rendered":"Impressionante! Bayern, com golo de Guerreiro, aplica goleada que j\u00e1 n\u00e3o se usa"},"content":{"rendered":"<p>O Bayern de Munique <a href=\"https:\/\/maisfutebol.iol.pt\/jogo\/bayern-munique\/wolfsburg\/13826686\" rel=\"nofollow noopener\" target=\"_blank\">venceu o Wolfsburg por 8-1<\/a> e segue invicto na Bundesliga, refor\u00e7ando ainda mais, o estatuto de l\u00edder, agora com <a href=\"https:\/\/maisfutebol.iol.pt\/resultadoseclassificacoes\/53\/alemanha\/bundesliga\" rel=\"nofollow noopener\" target=\"_blank\">onze pontos de vantagem<\/a> sobre o Borussia Dortmund, que \u00e9 segundo classificado.<\/p>\n<p>O domingo na Baviera foi de barrigada de golos, numa daquelas goleadas de antigamente que j\u00e1 s\u00e3o muito raras nos tempos que correm. Michael Olise apontou dois golos e fez uma assist\u00eancia, tornando-se uma das figuras de um jogo em que Raphael Guerreiro, que come\u00e7ou no banco de suplentes, tamb\u00e9m escreveu o nome na lista de marcadores da partida.<\/p>\n<p>O Bayern, refira-se, entrou a vencer cedo na partida, com autogolo de Fischer aos cinco minutos da partida. Dzenan Pejcinovic ainda rep\u00f4s a igualdade ao minuto 13, mas a equipa da casa quis alcan\u00e7ar a segunda vit\u00f3ria consecutiva. Michael Olise, que esteve impar\u00e1vel na partida, assistiu Luis Diaz que fez o 2-1, ao minuto 30.<\/p>\n<p><strong>Reveja o golo do internacional colombiano:\u00a0<\/strong><\/p>\n<p style=\"line-height:1.38\">\u00a0<\/p>\n<p style=\"line-height:1.38\">Na segunda parte, Michael Olise fez o primeiro da conta pessoal com um \u00abgola\u00e7o\u00bb aos 50 minutos. <\/p>\n<p style=\"line-height:1.38\">At\u00e9 ao final do jogo, Mortiz Jenz (P.B. 53m), Raphael Guerreiro (68m), Harry Kane (69m), Olise (76m) e Goretzka (88m) fecharam o resultado em 8-1.<\/p>\n<p style=\"line-height:1.38\">O Bayern Munique refor\u00e7a, com este triunfo, o favoritismo para a conquista do campeonato. J\u00e1 o Wolfsburgo continua na luta pela manuten\u00e7\u00e3o, em 14\u00ba lugar com 15 pontos.<\/p>\n<p><strong>Reveja o golo de Raphael Guerreiro na partida:\u00a0<\/strong><\/p>\n","protected":false},"excerpt":{"rendered":"O Bayern de Munique venceu o Wolfsburg por 8-1 e segue invicto na Bundesliga, refor\u00e7ando ainda mais, o&hellip;\n","protected":false},"author":2,"featured_media":225556,"comment_status":"","ping_status":"","sticky":false,"template":"","format":"standard","meta":{"footnotes":""},"categories":[87],"tags":[1305,2438,1848,135,82,46,43415,32,33,47,7467,134],"class_list":{"0":"post-225555","1":"post","2":"type-post","3":"status-publish","4":"format-standard","5":"has-post-thumbnail","7":"category-desporto","8":"tag-alemanha","9":"tag-bayern-munique","10":"tag-bundesliga","11":"tag-desporto","12":"tag-internacional","13":"tag-maisfutebol","14":"tag-olise","15":"tag-portugal","16":"tag-pt","17":"tag-pura-paixao","18":"tag-raphael-guerreiro","19":"tag-sports"},"share_on_mastodon":{"url":"https:\/\/pubeurope.com\/@pt\/115879780232948578","error":""},"_links":{"self":[{"href":"https:\/\/www.europesays.com\/pt\/wp-json\/wp\/v2\/posts\/225555","targetHints":{"allow":["GET"]}}],"collection":[{"href":"https:\/\/www.europesays.com\/pt\/wp-json\/wp\/v2\/posts"}],"about":[{"href":"https:\/\/www.europesays.com\/pt\/wp-json\/wp\/v2\/types\/post"}],"author":[{"embeddable":true,"href":"https:\/\/www.europesays.com\/pt\/wp-json\/wp\/v2\/users\/2"}],"replies":[{"embeddable":true,"href":"https:\/\/www.europesays.com\/pt\/wp-json\/wp\/v2\/comments?post=225555"}],"version-history":[{"count":0,"href":"https:\/\/www.europesays.com\/pt\/wp-json\/wp\/v2\/posts\/225555\/revisions"}],"wp:featuredmedia":[{"embeddable":true,"href":"https:\/\/www.europesays.com\/pt\/wp-json\/wp\/v2\/media\/225556"}],"wp:attachment":[{"href":"https:\/\/www.europesays.com\/pt\/wp-json\/wp\/v2\/media?parent=225555"}],"wp:term":[{"taxonomy":"category","embeddable":true,"href":"https:\/\/www.europesays.com\/pt\/wp-json\/wp\/v2\/categories?post=225555"},{"taxonomy":"post_tag","embeddable":true,"href":"https:\/\/www.europesays.com\/pt\/wp-json\/wp\/v2\/tags?post=225555"}],"curies":[{"name":"wp","href":"https:\/\/api.w.org\/{rel}","templated":true}]}}