{"id":225576,"date":"2026-01-12T02:58:13","date_gmt":"2026-01-12T02:58:13","guid":{"rendered":"https:\/\/www.europesays.com\/pt\/225576\/"},"modified":"2026-01-12T02:58:13","modified_gmt":"2026-01-12T02:58:13","slug":"rui-pedro-braz-intromete-se-em-negocio-de-benfica-e-fc-porto-e-al-ahli-faz-proposta-de-8-milhoes-de-euros-por-defesa","status":"publish","type":"post","link":"https:\/\/www.europesays.com\/pt\/225576\/","title":{"rendered":"Rui Pedro Braz intromete-se em neg\u00f3cio de Benfica e FC Porto e Al Ahli faz proposta de 8 milh\u00f5es de euros por defesa"},"content":{"rendered":"<p>&#8211; Advertisement &#8211;<\/p>\n<p><strong>O Al Ahli fez uma proposta por Abubacarr Sedi Kinteh. Defesa \u00e9 alvo do Benfica e do FC Porto e conta com oferta da Ar\u00e1bia Saudita. <\/strong><\/p>\n<p>H\u00e1 mais interessados na contrata\u00e7\u00e3o de Abubacarr Sedi Kinteh. De acordo com o Football Insider, o Al Ahli, clube onde Rui Pedro Braz \u00e9 diretor desportivo, fez uma proposta pelo central.<\/p>\n<p>Os sauditas colocaram em cima da mesa do Tromso, emblema noruegu\u00eas, uma proposta de oito milh\u00f5es de euros. Recorde-se que o FC Porto e o Benfica<a href=\"https:\/\/bolanarede.pt\/especial-bola-na-rede\/atualidade\/benfica-e-fc-porto-olham-para-o-mesmo-defesa-e-ha-mais-clubes-interessados\/\" target=\"_blank\" rel=\"noreferrer noopener nofollow\"> s\u00e3o dois dos clubes de olho no defesa central<\/a> internacional A pela G\u00e2mbia.<\/p>\n<p>Abubacarr Sedi Kinteh tem 19 anos e em 2025 fez 22 jogos pelo Tromso. O defesa \u00e9 encarado pelo conjunto noruegu\u00eas como uma grande promessa. <\/p>\n","protected":false},"excerpt":{"rendered":"&#8211; Advertisement &#8211; O Al Ahli fez uma proposta por Abubacarr Sedi Kinteh. Defesa \u00e9 alvo do Benfica&hellip;\n","protected":false},"author":2,"featured_media":225577,"comment_status":"","ping_status":"","sticky":false,"template":"","format":"standard","meta":{"footnotes":""},"categories":[87],"tags":[43047,5815,260,51,135,282,1965,32,479,33,134],"class_list":{"0":"post-225576","1":"post","2":"type-post","3":"status-publish","4":"format-standard","5":"has-post-thumbnail","7":"category-desporto","8":"tag-abubacarr-sedi-kinteh","9":"tag-al-ahli","10":"tag-atualidade","11":"tag-benfica","12":"tag-desporto","13":"tag-fc-porto","14":"tag-liga-saudita","15":"tag-portugal","16":"tag-primeira-liga","17":"tag-pt","18":"tag-sports"},"share_on_mastodon":{"url":"https:\/\/pubeurope.com\/@pt\/115879890960665547","error":""},"_links":{"self":[{"href":"https:\/\/www.europesays.com\/pt\/wp-json\/wp\/v2\/posts\/225576","targetHints":{"allow":["GET"]}}],"collection":[{"href":"https:\/\/www.europesays.com\/pt\/wp-json\/wp\/v2\/posts"}],"about":[{"href":"https:\/\/www.europesays.com\/pt\/wp-json\/wp\/v2\/types\/post"}],"author":[{"embeddable":true,"href":"https:\/\/www.europesays.com\/pt\/wp-json\/wp\/v2\/users\/2"}],"replies":[{"embeddable":true,"href":"https:\/\/www.europesays.com\/pt\/wp-json\/wp\/v2\/comments?post=225576"}],"version-history":[{"count":0,"href":"https:\/\/www.europesays.com\/pt\/wp-json\/wp\/v2\/posts\/225576\/revisions"}],"wp:featuredmedia":[{"embeddable":true,"href":"https:\/\/www.europesays.com\/pt\/wp-json\/wp\/v2\/media\/225577"}],"wp:attachment":[{"href":"https:\/\/www.europesays.com\/pt\/wp-json\/wp\/v2\/media?parent=225576"}],"wp:term":[{"taxonomy":"category","embeddable":true,"href":"https:\/\/www.europesays.com\/pt\/wp-json\/wp\/v2\/categories?post=225576"},{"taxonomy":"post_tag","embeddable":true,"href":"https:\/\/www.europesays.com\/pt\/wp-json\/wp\/v2\/tags?post=225576"}],"curies":[{"name":"wp","href":"https:\/\/api.w.org\/{rel}","templated":true}]}}