{"id":225581,"date":"2026-01-12T03:05:17","date_gmt":"2026-01-12T03:05:17","guid":{"rendered":"https:\/\/www.europesays.com\/pt\/225581\/"},"modified":"2026-01-12T03:05:17","modified_gmt":"2026-01-12T03:05:17","slug":"estamos-bem-somos-lutadores-as-primeiras-declaracoes-de-nicolas-maduro-na-cadeia","status":"publish","type":"post","link":"https:\/\/www.europesays.com\/pt\/225581\/","title":{"rendered":"&#8220;Estamos bem. Somos lutadores&#8221;, as primeiras declara\u00e7\u00f5es de Nicolas Maduro na cadeia"},"content":{"rendered":"<p>O presidente deposto da Venezuela, Nicolas Maduro, garantiu estar bem e pediu para que ningu\u00e9m fique triste, atrav\u00e9s de declara\u00e7\u00f5es feitas na pris\u00e3o e transmitidas aos seus advogados, segundo o filho do ex-chefe de Estado.<\/p>\n<p>&#8220;Estamos bem. Somos lutadores&#8221;, declarou Nicolas Maduro a partir da pris\u00e3o nos Estados Unidos, segundo o seu filho, num v\u00eddeo publicado no s\u00e1bado pelo partido no poder na Venezuela.<\/p>\n<p>&#8220;N\u00e3o fiquem tristes&#8221;, disse Maduro, que est\u00e1 preso em Nova Iorque com a mulher, a primeira-dama Cilia Flores, relatou Nicolas Maduro Guerra, filmado durante uma reuni\u00e3o do PSUV (Partido Socialista Unido da Venezuela) em Caracas no s\u00e1bado.<\/p>\n<p>Acusados de tr\u00e1fico de droga, Nicolas Maduro e Cilia Flores declararam-se inocentes perante a justi\u00e7a norte-americana, na segunda-feira. Ambos v\u00e3o ficar detidos nos Estados Unidos at\u00e9 \u00e0 pr\u00f3xima audi\u00eancia, marcada para 17 de mar\u00e7o.<\/p>\n<p>Cerca de mil simpatizantes marcharam no s\u00e1bado pelas ruas de Caracas com cartazes proclamando &#8220;Queremos o seu regresso&#8221; e entoando &#8220;Maduro e Cilia s\u00e3o a nossa fam\u00edlia!&#8221;. Os apelos para manifestar apoio ao l\u00edder socialista deposto s\u00e3o di\u00e1rios desde a opera\u00e7\u00e3o militar norte-americana de 03 de janeiro.<\/p>\n<p>A manifesta\u00e7\u00e3o coincidiu tamb\u00e9m com o anivers\u00e1rio da tomada de posse de Maduro para um terceiro mandato, ap\u00f3s as elei\u00e7\u00f5es de 2024, denunciadas pela oposi\u00e7\u00e3o e observadores internacionais como fraudulentas.<\/p>\n<p>A televis\u00e3o p\u00fablica transmitiu uma visita da presidente interina Delcy Rodriguez a uma feira agr\u00edcola em Petare, um bairro emblem\u00e1tico de Caracas, onde tamb\u00e9m se realizou uma pequena manifesta\u00e7\u00e3o a favor de Maduro.<\/p>\n<p>&#8220;N\u00e3o vamos descansar um \u00fanico minuto at\u00e9 recuperarmos o Presidente&#8221;, disse Rodriguez, acrescentando: &#8220;Vamos salv\u00e1-lo, com certeza que sim&#8221;.<\/p>\n","protected":false},"excerpt":{"rendered":"O presidente deposto da Venezuela, Nicolas Maduro, garantiu estar bem e pediu para que ningu\u00e9m fique triste, atrav\u00e9s&hellip;\n","protected":false},"author":2,"featured_media":217557,"comment_status":"","ping_status":"","sticky":false,"template":"","format":"standard","meta":{"footnotes":""},"categories":[8],"tags":[27,28,15,16,14,25,26,21,22,12,13,19,20,32,23,24,33,17,18,29,30,31],"class_list":{"0":"post-225581","1":"post","2":"type-post","3":"status-publish","4":"format-standard","5":"has-post-thumbnail","7":"category-principais-noticias","8":"tag-breaking-news","9":"tag-breakingnews","10":"tag-featured-news","11":"tag-featurednews","12":"tag-headlines","13":"tag-latest-news","14":"tag-latestnews","15":"tag-main-news","16":"tag-mainnews","17":"tag-news","18":"tag-noticias","19":"tag-noticias-principais","20":"tag-noticiasprincipais","21":"tag-portugal","22":"tag-principais-noticias","23":"tag-principaisnoticias","24":"tag-pt","25":"tag-top-stories","26":"tag-topstories","27":"tag-ultimas","28":"tag-ultimas-noticias","29":"tag-ultimasnoticias"},"share_on_mastodon":{"url":"https:\/\/pubeurope.com\/@pt\/115879917938800536","error":""},"_links":{"self":[{"href":"https:\/\/www.europesays.com\/pt\/wp-json\/wp\/v2\/posts\/225581","targetHints":{"allow":["GET"]}}],"collection":[{"href":"https:\/\/www.europesays.com\/pt\/wp-json\/wp\/v2\/posts"}],"about":[{"href":"https:\/\/www.europesays.com\/pt\/wp-json\/wp\/v2\/types\/post"}],"author":[{"embeddable":true,"href":"https:\/\/www.europesays.com\/pt\/wp-json\/wp\/v2\/users\/2"}],"replies":[{"embeddable":true,"href":"https:\/\/www.europesays.com\/pt\/wp-json\/wp\/v2\/comments?post=225581"}],"version-history":[{"count":0,"href":"https:\/\/www.europesays.com\/pt\/wp-json\/wp\/v2\/posts\/225581\/revisions"}],"wp:featuredmedia":[{"embeddable":true,"href":"https:\/\/www.europesays.com\/pt\/wp-json\/wp\/v2\/media\/217557"}],"wp:attachment":[{"href":"https:\/\/www.europesays.com\/pt\/wp-json\/wp\/v2\/media?parent=225581"}],"wp:term":[{"taxonomy":"category","embeddable":true,"href":"https:\/\/www.europesays.com\/pt\/wp-json\/wp\/v2\/categories?post=225581"},{"taxonomy":"post_tag","embeddable":true,"href":"https:\/\/www.europesays.com\/pt\/wp-json\/wp\/v2\/tags?post=225581"}],"curies":[{"name":"wp","href":"https:\/\/api.w.org\/{rel}","templated":true}]}}