{"id":225584,"date":"2026-01-12T03:09:18","date_gmt":"2026-01-12T03:09:18","guid":{"rendered":"https:\/\/www.europesays.com\/pt\/225584\/"},"modified":"2026-01-12T03:09:18","modified_gmt":"2026-01-12T03:09:18","slug":"no-dia-do-funeral-de-maycon-douglas-ex-concorrente-de-secret-story-lamenta-peco-te-desculpa","status":"publish","type":"post","link":"https:\/\/www.europesays.com\/pt\/225584\/","title":{"rendered":"No dia do funeral de Maycon Douglas, ex-concorrente de &#8220;Secret Story&#8221; lamenta: &#8220;Pe\u00e7o-te desculpa!&#8221;"},"content":{"rendered":"<p>Decorreram neste domingo, dia 11, as cerim\u00f3nias f\u00fanebres de <a href=\"https:\/\/selfie.iol.pt\/famosos\/casa-dos-segredos\/ate-vou-dizer-uma-coisa-que-nao-tinha-de-dizer-apos-falhar-funeral-de-maycon-douglas-afonso-leitao-quebra-o-silencio\/20260111\/6963ff61d34e0ec52ec1f754\" target=\"_blank\" rel=\"nofollow noopener\">Maycon Douglas<\/a>, em Leiria, um momento de dor e consterna\u00e7\u00e3o que contou com a presen\u00e7a de ex-concorrentes de &#8220;<a href=\"https:\/\/tvi.iol.pt\/secretstory\/\" target=\"_blank\" rel=\"nofollow noopener\">Secret Story &#8211; Casa dos Segredos<\/a>&#8220;.<\/p>\n<p>No Instagram, multiplicam-se as mensagens de pesar de antigos participantes do reality show da <a href=\"https:\/\/tvi.iol.pt\/\" target=\"_blank\" rel=\"nofollow noopener\">TVI<\/a>. \u00c9 o caso de <a href=\"https:\/\/selfie.iol.pt\/famosos\/casa-dos-segredos\/diogo-afonso-oferece-presente-de-aniversario-unico-a-daniela-santo-estas-te-a-passar\/20250713\/6873ff96d34e3f0baea075ae\" target=\"_blank\" rel=\"nofollow noopener\">Diogo Afonso<\/a>.<\/p>\n<p>&#8220;Prometi que, um dia, te levaria a ver um jogo do meu Nacional! N\u00e3o consegui cumprir e pe\u00e7o-te desculpa por isso!&#8221;, come\u00e7ou por lamentar o jovem madeirense na legenda de um registo, no qual alguns jogadores desse clube surgem a apontar para o c\u00e9u, ap\u00f3s a marca\u00e7\u00e3o de um golo.<\/p>\n<p>&#8220;Obrigado, equipa, por fazerem esta homenagem por mim, por fazerem isto por ele!&#8221;, completou Diogo Afonso.<\/p>\n<p><img decoding=\"async\" alt=\"\" onclick=\"\" src=\"https:\/\/www.europesays.com\/pt\/wp-content\/uploads\/2026\/01\/1768187358_305_1024.jpeg\" title=\"Diogo Afonso\"\/><\/p>\n","protected":false},"excerpt":{"rendered":"Decorreram neste domingo, dia 11, as cerim\u00f3nias f\u00fanebres de Maycon Douglas, em Leiria, um momento de dor e&hellip;\n","protected":false},"author":2,"featured_media":225585,"comment_status":"","ping_status":"","sticky":false,"template":"","format":"standard","meta":{"footnotes":""},"categories":[142],"tags":[2632,18675,114,115,980,1015,10223,619,32,33,1014,1315,1012,151,162],"class_list":{"0":"post-225584","1":"post","2":"type-post","3":"status-publish","4":"format-standard","5":"has-post-thumbnail","7":"category-tv","8":"tag-casa-dos-segredos","9":"tag-diogo-afonso","10":"tag-entertainment","11":"tag-entretenimento","12":"tag-famosos","13":"tag-instagram","14":"tag-maycon-douglas","15":"tag-nacional","16":"tag-portugal","17":"tag-pt","18":"tag-reality-show","19":"tag-secret-story","20":"tag-selfie","21":"tag-tv","22":"tag-tvi"},"share_on_mastodon":{"url":"https:\/\/pubeurope.com\/@pt\/115879933566711180","error":""},"_links":{"self":[{"href":"https:\/\/www.europesays.com\/pt\/wp-json\/wp\/v2\/posts\/225584","targetHints":{"allow":["GET"]}}],"collection":[{"href":"https:\/\/www.europesays.com\/pt\/wp-json\/wp\/v2\/posts"}],"about":[{"href":"https:\/\/www.europesays.com\/pt\/wp-json\/wp\/v2\/types\/post"}],"author":[{"embeddable":true,"href":"https:\/\/www.europesays.com\/pt\/wp-json\/wp\/v2\/users\/2"}],"replies":[{"embeddable":true,"href":"https:\/\/www.europesays.com\/pt\/wp-json\/wp\/v2\/comments?post=225584"}],"version-history":[{"count":0,"href":"https:\/\/www.europesays.com\/pt\/wp-json\/wp\/v2\/posts\/225584\/revisions"}],"wp:featuredmedia":[{"embeddable":true,"href":"https:\/\/www.europesays.com\/pt\/wp-json\/wp\/v2\/media\/225585"}],"wp:attachment":[{"href":"https:\/\/www.europesays.com\/pt\/wp-json\/wp\/v2\/media?parent=225584"}],"wp:term":[{"taxonomy":"category","embeddable":true,"href":"https:\/\/www.europesays.com\/pt\/wp-json\/wp\/v2\/categories?post=225584"},{"taxonomy":"post_tag","embeddable":true,"href":"https:\/\/www.europesays.com\/pt\/wp-json\/wp\/v2\/tags?post=225584"}],"curies":[{"name":"wp","href":"https:\/\/api.w.org\/{rel}","templated":true}]}}