{"id":225590,"date":"2026-01-12T03:23:09","date_gmt":"2026-01-12T03:23:09","guid":{"rendered":"https:\/\/www.europesays.com\/pt\/225590\/"},"modified":"2026-01-12T03:23:09","modified_gmt":"2026-01-12T03:23:09","slug":"o-pedido-de-namoro-de-pedro-a-marisa-nao-podia-ter-sido-mais-original-e-ha-um-video-que-o-comprova-primeira-companhia","status":"publish","type":"post","link":"https:\/\/www.europesays.com\/pt\/225590\/","title":{"rendered":"O pedido de namoro de Pedro a Marisa n\u00e3o podia ter sido mais original. E h\u00e1 um v\u00eddeo que o comprova &#8211; Primeira Companhia"},"content":{"rendered":"<p style=\"margin-bottom:11px\"><strong>Pedro e Marisa s\u00e3o um dos casais mais falados do momento<\/strong>. Depois de terem entrado na casa mais vigiada do Pa\u00eds, muitos foram aqueles que se<strong> mostraram interessados em saber mais sobre a hist\u00f3ria do casal que acompanharam durante 3 meses<\/strong>. Nas redes sociais foi publicado um v\u00eddeo do in\u00edcio da hist\u00f3ria de amor: <strong>O original pedido de namoro de Pedro a Marisa.<\/strong><\/p>\n<p>No momento, Marisa surge a seguir um <strong>caminho de p\u00e9talas de flores e velas, ao som de uma m\u00fasica super rom\u00e2ntica.<\/strong><\/p>\n<p>No final, <strong>est\u00e1 um envelope pendurado, e dentro tem a c\u00e9lebre pergunta: \u00abQueres namorar comigo?\u00bb<\/strong><\/p>\n<p>A ex-concorrente disse de imediato que <strong>sim.<\/strong><\/p>\n<p><strong>Veja o momento aqui:<\/strong><\/p>\n<p>\u00a0<\/p>\n","protected":false},"excerpt":{"rendered":"Pedro e Marisa s\u00e3o um dos casais mais falados do momento. Depois de terem entrado na casa mais&hellip;\n","protected":false},"author":2,"featured_media":225575,"comment_status":"","ping_status":"","sticky":false,"template":"","format":"standard","meta":{"footnotes":""},"categories":[142],"tags":[41536,114,115,18705,19184,14646,32,33,151,41535],"class_list":{"0":"post-225590","1":"post","2":"type-post","3":"status-publish","4":"format-standard","5":"has-post-thumbnail","7":"category-tv","8":"tag-bastidores-da-recruta","9":"tag-entertainment","10":"tag-entretenimento","11":"tag-entrevistas-concorrentes-tvi","12":"tag-marisa","13":"tag-pedro","14":"tag-portugal","15":"tag-pt","16":"tag-tv","17":"tag-vida-fora-da-base"},"share_on_mastodon":{"url":"https:\/\/pubeurope.com\/@pt\/115879988627997244","error":""},"_links":{"self":[{"href":"https:\/\/www.europesays.com\/pt\/wp-json\/wp\/v2\/posts\/225590","targetHints":{"allow":["GET"]}}],"collection":[{"href":"https:\/\/www.europesays.com\/pt\/wp-json\/wp\/v2\/posts"}],"about":[{"href":"https:\/\/www.europesays.com\/pt\/wp-json\/wp\/v2\/types\/post"}],"author":[{"embeddable":true,"href":"https:\/\/www.europesays.com\/pt\/wp-json\/wp\/v2\/users\/2"}],"replies":[{"embeddable":true,"href":"https:\/\/www.europesays.com\/pt\/wp-json\/wp\/v2\/comments?post=225590"}],"version-history":[{"count":0,"href":"https:\/\/www.europesays.com\/pt\/wp-json\/wp\/v2\/posts\/225590\/revisions"}],"wp:featuredmedia":[{"embeddable":true,"href":"https:\/\/www.europesays.com\/pt\/wp-json\/wp\/v2\/media\/225575"}],"wp:attachment":[{"href":"https:\/\/www.europesays.com\/pt\/wp-json\/wp\/v2\/media?parent=225590"}],"wp:term":[{"taxonomy":"category","embeddable":true,"href":"https:\/\/www.europesays.com\/pt\/wp-json\/wp\/v2\/categories?post=225590"},{"taxonomy":"post_tag","embeddable":true,"href":"https:\/\/www.europesays.com\/pt\/wp-json\/wp\/v2\/tags?post=225590"}],"curies":[{"name":"wp","href":"https:\/\/api.w.org\/{rel}","templated":true}]}}