{"id":225658,"date":"2026-01-12T05:25:08","date_gmt":"2026-01-12T05:25:08","guid":{"rendered":"https:\/\/www.europesays.com\/pt\/225658\/"},"modified":"2026-01-12T05:25:08","modified_gmt":"2026-01-12T05:25:08","slug":"saiba-o-que-e-pre-hipertensao-e-habitos-que-ajudam-a-reverter-o-quadro-2","status":"publish","type":"post","link":"https:\/\/www.europesays.com\/pt\/225658\/","title":{"rendered":"Saiba o que \u00e9 pr\u00e9-hipertens\u00e3o e h\u00e1bitos que ajudam a reverter o quadro"},"content":{"rendered":"<p>Por <\/p>\n<p>\t\t\t\tReda\u00e7\u00e3o O Sul\t<\/p>\n<p>\t\t\t\t | 11 de janeiro de 2026<\/p>\n<p>\t\t\t\t<img width=\"900\" height=\"600\" src=\"https:\/\/www.europesays.com\/pt\/wp-content\/uploads\/2026\/01\/pressao.jpg\" class=\"attachment-post-thumbnail size-post-thumbnail wp-post-image\" alt=\"\" decoding=\"async\" fetchpriority=\"high\"   data-pagespeed-url-hash=\"2823918457\" onload=\"pagespeed.CriticalImages.checkImageForCriticality(this);\"\/>\t\t\t\t<\/p>\n<p>Nova diretriz estabelece quadro de pr\u00e9-hipertens\u00e3o para alertar pacientes sobre a necessidade de mudan\u00e7a de h\u00e1bitos e controle da press\u00e3o. (Foto: Reprodu\u00e7\u00e3o)\t\t\t\t\t<\/p>\n<p>\t\t\t \t\t\t\ud83d\udd0a Ou\u00e7a essa not\u00edcia clicando aqui<\/p>\n<p>A Diretriz Brasileira de Hipertens\u00e3o Arterial 2025 orienta os profissionais de sa\u00fade a considerar que pessoas com press\u00e3o arterial em 12 por 8 e 13,9 por 8,9 est\u00e3o em quadro de pr\u00e9-hipertens\u00e3o. Antes considerado normal, o patamar agora serve de alerta para que mudan\u00e7as no estilo de vida sejam adotadas e a situa\u00e7\u00e3o seja controlada.<\/p>\n<p>\u201cRecomenda-se classificar a pr\u00e9-hipertens\u00e3o abrangendo valores de press\u00e3o arterial sist\u00f3lica entre 120-139 mmHg ou press\u00e3o arterial dist\u00f3lica entre 80-89 mmHg no consult\u00f3rio com o objetivo de identificar precocemente indiv\u00edduos em risco e incentivar interven\u00e7\u00f5es mais proativas e n\u00e3o medicamentosas para prevenir a progress\u00e3o para hipertens\u00e3o arterial\u201d, diz o texto redigido pela Sociedade Brasileira de Cardiologia (SBC), Sociedade Brasileira de Nefrologia (SBN) e Sociedade Brasileira de Hipertens\u00e3o (SBH).<\/p>\n<p><strong>Adequa\u00e7\u00f5es no estilo de vida<\/strong><\/p>\n<p>A hipertens\u00e3o \u00e9 considerada um \u201cmal silencioso\u201d ou um \u201cinimigo oculto\u201d, pois n\u00e3o apresenta sintomas espec\u00edficos e pode levar a eventos cardiovasculares graves, como infartos ou acidente vascular cerebral (AVC). \u201c\u00c9 bastante comum que a pessoa n\u00e3o saiba que tem hipertens\u00e3o at\u00e9 sofrer um infarto ou um AVC. Ela \u00e9 silenciosa, os pacientes descobrem durante um exame admissional, um atendimento ocasional ou uma emerg\u00eancia m\u00e9dica\u201d, afirmou o cardiologista Rafael C\u00f4rtes, em entrevista anterior ao Metr\u00f3poles.<\/p>\n<p>Segundo a nova diretriz, no patamar 12 por 8, s\u00e3o sugeridas mudan\u00e7as no estilo de vida. No patamar de 13 por 8, podem ser indicados rem\u00e9dios.<\/p>\n<p>As mudan\u00e7as de estilo de vida (controle n\u00e3o medicamentoso) sugeridas pelos m\u00e9dicos para as pessoas com pr\u00e9-hipertens\u00e3o s\u00e3o: perder peso; reduzir o sal na alimenta\u00e7\u00e3o; aumentar a ingest\u00e3o de pot\u00e1ssio; seguir a deita DASH e fazer atividade f\u00edsica regularmente.<\/p>\n<p>O card\u00e1pio DASH d\u00e1 prefer\u00eancia aos alimentos ricos em pot\u00e1ssio, c\u00e1lcio e magn\u00e9sio; gr\u00e3os integrais, sementes e castanhas, al\u00e9m de fibras. Outro destaque vai para as hortali\u00e7as de folhas verdes, como espinafre, r\u00facula, couve e br\u00f3colis; frutas da esta\u00e7\u00e3o; latic\u00ednios desnatados e carnes brancas.<\/p>\n<p><strong>Maior conscientiza\u00e7\u00e3o<\/strong><\/p>\n<p>O cardiologista Roberto Kalil Filho, presidente do Conselho Diretor do InCor, destacou a import\u00e2ncia da nova Diretriz Brasileira de Hipertens\u00e3o: \u201cQuem tem pr\u00e9-hipertens\u00e3o precisa se cuidar ainda mais para atingir n\u00edveis abaixo de 12 por 8, estimulando a aferi\u00e7\u00e3o e a ado\u00e7\u00e3o precoce de medidas preventivas\u201d, afirmou. \u201cH\u00e1, tamb\u00e9m, refor\u00e7o e maior conscientiza\u00e7\u00e3o da import\u00e2ncia da preven\u00e7\u00e3o das complica\u00e7\u00f5es da doen\u00e7a\u201d, completa.<\/p>\n<p><strong>O que \u00e9 hipertens\u00e3o?<\/strong><\/p>\n<p>A press\u00e3o alta, ou hipertens\u00e3o arterial, ocorre quando h\u00e1 uma alta for\u00e7a exercida pelo sangue nas paredes dos vasos sangu\u00edneos, quando ele \u00e9 bombeado pelo cora\u00e7\u00e3o.<\/p>\n<p>A medicina considera que h\u00e1 um quadro de press\u00e3o alta quando os valores ultrapassam os 140\/90 mmHg (mil\u00edmetros de merc\u00fario) ou 14 por 9.<\/p>\n<p>Tontura, falta de ar e dor de cabe\u00e7a s\u00e3o sintomas comuns da press\u00e3o alta. No entanto, na maioria das vezes, a pessoa n\u00e3o apresenta ind\u00edcios que acusem o problema e s\u00f3 o descobre quando o quadros \u00e9 grave.<\/p>\n<p>Apesar de n\u00e3o ter cura na maioria das vezes, a hipertens\u00e3o tem controle com medicamentos e a ado\u00e7\u00e3o de h\u00e1bitos saud\u00e1veis.<\/p>\n<p>Pacientes com o quadro de pr\u00e9-hipertens\u00e3o devem procurar acompanhamento m\u00e9dico para orienta\u00e7\u00e3o individualizada sobre seu estado de sa\u00fade.<\/p>\n<p>\u00a0<\/p>\n<p class=\"backBTN clearfix\">\n\t<a class=\"button\" href=\"https:\/\/www.osul.com.br\/2088900-2\/JavaScript:Void(0)\" onclick=\"history.go(-1);\" rel=\"nofollow noopener\" target=\"_blank\"> Voltar <\/a><br \/>\n\t\t\t<a class=\"button\" href=\"https:\/\/www.osul.com.br\/variedades\/\" rel=\"nofollow noopener\" target=\"_blank\"> Todas de Variedades<\/a>\t\t\t<\/p>\n<blockquote class=\"wp-embedded-content\" data-secret=\"oFFVg9JHJb\"><p><a href=\"https:\/\/www.osul.com.br\/2088900-2\/\" rel=\"nofollow noopener\" target=\"_blank\">Saiba o que \u00e9 pr\u00e9-hipertens\u00e3o e h\u00e1bitos que ajudam a reverter o quadro<\/a><\/p><\/blockquote>\n<p><iframe loading=\"lazy\" class=\"wp-embedded-content\" sandbox=\"allow-scripts\" security=\"restricted\" style=\"position: absolute; visibility: hidden;\" title=\"&#8220;Saiba o que \u00e9 pr\u00e9-hipertens\u00e3o e h\u00e1bitos que ajudam a reverter o quadro&#8221; &#8212; Jornal O Sul\" src=\"https:\/\/www.osul.com.br\/2088900-2\/embed\/#?secret=v09FSPLnZy#?secret=oFFVg9JHJb\" data-secret=\"oFFVg9JHJb\" width=\"600\" height=\"338\" frameborder=\"0\" marginwidth=\"0\" marginheight=\"0\" scrolling=\"no\"><\/iframe><br \/>\nSaiba o que \u00e9 pr\u00e9-hipertens\u00e3o e h\u00e1bitos que ajudam a reverter o quadro<br \/>\n2026-01-11<\/p>\n","protected":false},"excerpt":{"rendered":"Por Reda\u00e7\u00e3o O Sul | 11 de janeiro de 2026 Nova diretriz estabelece quadro de pr\u00e9-hipertens\u00e3o para alertar&hellip;\n","protected":false},"author":2,"featured_media":225659,"comment_status":"","ping_status":"","sticky":false,"template":"","format":"standard","meta":{"footnotes":""},"categories":[86],"tags":[116,32,33,117],"class_list":{"0":"post-225658","1":"post","2":"type-post","3":"status-publish","4":"format-standard","5":"has-post-thumbnail","7":"category-saude","8":"tag-health","9":"tag-portugal","10":"tag-pt","11":"tag-saude"},"share_on_mastodon":{"url":"https:\/\/pubeurope.com\/@pt\/115880469985701714","error":""},"_links":{"self":[{"href":"https:\/\/www.europesays.com\/pt\/wp-json\/wp\/v2\/posts\/225658","targetHints":{"allow":["GET"]}}],"collection":[{"href":"https:\/\/www.europesays.com\/pt\/wp-json\/wp\/v2\/posts"}],"about":[{"href":"https:\/\/www.europesays.com\/pt\/wp-json\/wp\/v2\/types\/post"}],"author":[{"embeddable":true,"href":"https:\/\/www.europesays.com\/pt\/wp-json\/wp\/v2\/users\/2"}],"replies":[{"embeddable":true,"href":"https:\/\/www.europesays.com\/pt\/wp-json\/wp\/v2\/comments?post=225658"}],"version-history":[{"count":0,"href":"https:\/\/www.europesays.com\/pt\/wp-json\/wp\/v2\/posts\/225658\/revisions"}],"wp:featuredmedia":[{"embeddable":true,"href":"https:\/\/www.europesays.com\/pt\/wp-json\/wp\/v2\/media\/225659"}],"wp:attachment":[{"href":"https:\/\/www.europesays.com\/pt\/wp-json\/wp\/v2\/media?parent=225658"}],"wp:term":[{"taxonomy":"category","embeddable":true,"href":"https:\/\/www.europesays.com\/pt\/wp-json\/wp\/v2\/categories?post=225658"},{"taxonomy":"post_tag","embeddable":true,"href":"https:\/\/www.europesays.com\/pt\/wp-json\/wp\/v2\/tags?post=225658"}],"curies":[{"name":"wp","href":"https:\/\/api.w.org\/{rel}","templated":true}]}}