{"id":225678,"date":"2026-01-12T06:05:38","date_gmt":"2026-01-12T06:05:38","guid":{"rendered":"https:\/\/www.europesays.com\/pt\/225678\/"},"modified":"2026-01-12T06:05:38","modified_gmt":"2026-01-12T06:05:38","slug":"clara-de-sousa-recorda-nascimento-da-sic-noticias-uma-pedrada-no-charco","status":"publish","type":"post","link":"https:\/\/www.europesays.com\/pt\/225678\/","title":{"rendered":"Clara de Sousa recorda &#8220;nascimento&#8221; da SIC Not\u00edcias: &#8220;Uma pedrada no charco&#8230;&#8221;"},"content":{"rendered":"<p>\t\t\t\t\t\t\t\t\t\t\t\t\t\tClara de Sousa celebrou o 25.\u00ba anivers\u00e1rio da SIC Not\u00edcias com uma viagem ao passado.<\/p>\n<p data-path-to-node=\"22\">A piv\u00f4 recordou o lan\u00e7amento do primeiro canal de informa\u00e7\u00e3o 24 horas em Portugal, descrevendo o momento como \u201c<strong>um sonho cumprido\u201d<\/strong> e uma verdadeira <strong>\u201cpedrada no charco que mudou o panorama televisivo nacional\u201d<\/strong>.<\/p>\n<p data-path-to-node=\"23\">Na publica\u00e7\u00e3o, Clara de Sousa partilhou uma imagem ao lado de outros fundadores e do ent\u00e3o diretor Nuno Santos, sublinhando a import\u00e2ncia do jornalismo livre.<\/p>\n<p data-path-to-node=\"23\"><strong>\u201c25 anos depois, a informa\u00e7\u00e3o independente continua a ser essencial, hoje talvez mais do que nunca. E no caso do canal pioneiro, com o privil\u00e9gio de continuar a ser feita numa casa de liberdade\u201d<\/strong>, escreveu.<\/p>\n<p data-path-to-node=\"23\">Veja aqui:<\/p>\n<blockquote class=\"instagram-media\" style=\"background: #FFF; border: 0; border-radius: 3px; box-shadow: 0 0 1px 0 rgba(0,0,0,0.5),0 1px 10px 0 rgba(0,0,0,0.15); margin: 1px; max-width: 540px; min-width: 326px; padding: 0; width: calc(100% - 2px);\" data-instgrm-captioned=\"\" data-instgrm-permalink=\"https:\/\/www.instagram.com\/p\/DTQl9K6iOB-\/?utm_source=ig_embed&amp;utm_campaign=loading\" data-instgrm-version=\"14\">\n<\/blockquote>\n<p>\t\t\t\t\t\t\t\t\t\t\t\t\t\t\t\t\t\t\t\t\t\t\t\t\t\t\t<script async src=\"\/\/www.instagram.com\/embed.js\"><\/script><\/p>\n","protected":false},"excerpt":{"rendered":"Clara de Sousa celebrou o 25.\u00ba anivers\u00e1rio da SIC Not\u00edcias com uma viagem ao passado. A piv\u00f4 recordou&hellip;\n","protected":false},"author":2,"featured_media":225679,"comment_status":"","ping_status":"","sticky":false,"template":"","format":"standard","meta":{"footnotes":""},"categories":[142],"tags":[8549,114,115,1428,32,33,28006,2671,151],"class_list":{"0":"post-225678","1":"post","2":"type-post","3":"status-publish","4":"format-standard","5":"has-post-thumbnail","7":"category-tv","8":"tag-clara-de-sousa","9":"tag-entertainment","10":"tag-entretenimento","11":"tag-jornalismo","12":"tag-portugal","13":"tag-pt","14":"tag-sic-noticias","15":"tag-televisu00e3o","16":"tag-tv"},"share_on_mastodon":{"url":"https:\/\/pubeurope.com\/@pt\/115880625689720685","error":""},"_links":{"self":[{"href":"https:\/\/www.europesays.com\/pt\/wp-json\/wp\/v2\/posts\/225678","targetHints":{"allow":["GET"]}}],"collection":[{"href":"https:\/\/www.europesays.com\/pt\/wp-json\/wp\/v2\/posts"}],"about":[{"href":"https:\/\/www.europesays.com\/pt\/wp-json\/wp\/v2\/types\/post"}],"author":[{"embeddable":true,"href":"https:\/\/www.europesays.com\/pt\/wp-json\/wp\/v2\/users\/2"}],"replies":[{"embeddable":true,"href":"https:\/\/www.europesays.com\/pt\/wp-json\/wp\/v2\/comments?post=225678"}],"version-history":[{"count":0,"href":"https:\/\/www.europesays.com\/pt\/wp-json\/wp\/v2\/posts\/225678\/revisions"}],"wp:featuredmedia":[{"embeddable":true,"href":"https:\/\/www.europesays.com\/pt\/wp-json\/wp\/v2\/media\/225679"}],"wp:attachment":[{"href":"https:\/\/www.europesays.com\/pt\/wp-json\/wp\/v2\/media?parent=225678"}],"wp:term":[{"taxonomy":"category","embeddable":true,"href":"https:\/\/www.europesays.com\/pt\/wp-json\/wp\/v2\/categories?post=225678"},{"taxonomy":"post_tag","embeddable":true,"href":"https:\/\/www.europesays.com\/pt\/wp-json\/wp\/v2\/tags?post=225678"}],"curies":[{"name":"wp","href":"https:\/\/api.w.org\/{rel}","templated":true}]}}