{"id":225692,"date":"2026-01-12T06:26:11","date_gmt":"2026-01-12T06:26:11","guid":{"rendered":"https:\/\/www.europesays.com\/pt\/225692\/"},"modified":"2026-01-12T06:26:11","modified_gmt":"2026-01-12T06:26:11","slug":"mercedes-benz-e-hellgeth-reinventam-o-unimog-com-o-tenerex-um-overlander-de-luxo-extremo","status":"publish","type":"post","link":"https:\/\/www.europesays.com\/pt\/225692\/","title":{"rendered":"Mercedes-Benz e Hellgeth reinventam o Unimog com o TenereX, um overlander de luxo extremo"},"content":{"rendered":"<p>A Mercedes-Benz, atrav\u00e9s da sua divis\u00e3o <a target=\"_blank\" href=\"https:\/\/special.mercedes-benz-trucks.com\/en\/special-trucks\/allterrain-mobile-homes\/endless-adventures.html\" rel=\"nofollow noopener\">Special Trucks<\/a>, em conjunto com a preparadora alem\u00e3 Hellgeth Engineering, est\u00e1 a levar o ic\u00f3nico Unimog a territ\u00f3rios inimagin\u00e1veis para um ve\u00edculo off-road. O resultado \u00e9 o TenereX, uma interpreta\u00e7\u00e3o radical do lend\u00e1rio todo-terreno pensado para aventuras longe de qualquer estrada e com capacidades de vida aut\u00f3noma.<\/p>\n<p><a target=\"_blank\" href=\"https:\/\/pplware.sapo.pt\/wp-content\/uploads\/2026\/01\/mercedes_unimog01.webp\" rel=\"nofollow noopener\"><img fetchpriority=\"high\" decoding=\"async\" src=\"https:\/\/www.europesays.com\/pt\/wp-content\/uploads\/2026\/01\/mercedes_unimog01-720x405.webp.webp\" alt=\"\" width=\"720\" height=\"405\" class=\"aligncenter size-medium wp-image-1097712\"  \/><\/a><\/p>\n<p>Um Unimog preparado para todas as aventuras<\/p>\n<p>O TenereX nasce sobre o chassi do Unimog U 4023, reconhecido mundialmente pela sua robustez e versatilidade.<\/p>\n<p>Este ve\u00edculo h\u00edbrido entre cami\u00e3o e <strong>casa m\u00f3vel pesa at\u00e9 7,5 toneladas<\/strong> e foi concebido para enfrentar terrenos extremos, com uma engenharia que privilegia a tra\u00e7\u00e3o integral selecion\u00e1vel, bloqueios de diferenciais longitudinais e transversais, e uma enorme altura ao solo com capacidade de <strong>atravessar \u00e1gua at\u00e9 1,2 m de profundidade<\/strong>.<\/p>\n<dl class=\"gallery-item\">\n<dt class=\"gallery-icon landscape\">\n\t\t\t\t<a data-attachment-id=\"1097713\" href=\"https:\/\/pplware.sapo.pt\/wp-content\/uploads\/2026\/01\/mercedes_unimog02.webp\" rel=\"nofollow noopener\" target=\"_blank\"><img loading=\"lazy\" decoding=\"async\" width=\"720\" height=\"405\" src=\"https:\/\/www.europesays.com\/pt\/wp-content\/uploads\/2026\/01\/mercedes_unimog02-720x405.webp.webp\" class=\"attachment-medium size-medium\" alt=\"\"  \/><\/a>\n\t\t\t<\/dt>\n<\/dl>\n<dl class=\"gallery-item\">\n<dt class=\"gallery-icon landscape\">\n\t\t\t\t<a data-attachment-id=\"1097714\" href=\"https:\/\/pplware.sapo.pt\/wp-content\/uploads\/2026\/01\/mercedes_unimog03.webp\" rel=\"nofollow noopener\" target=\"_blank\"><img loading=\"lazy\" decoding=\"async\" width=\"720\" height=\"405\" src=\"https:\/\/www.europesays.com\/pt\/wp-content\/uploads\/2026\/01\/mercedes_unimog03-720x405.webp.webp\" class=\"attachment-medium size-medium\" alt=\"\"  \/><\/a>\n\t\t\t<\/dt>\n<\/dl>\n<p><br style=\"clear: both\"\/><\/p>\n<p>A motoriza\u00e7\u00e3o base \u00e9 um <strong>motor de quatro cilindros com 231 cv<\/strong>, mas existe tamb\u00e9m op\u00e7\u00e3o com um s<strong>eis cilindros OM 936 de 300 cv<\/strong>, que oferece pot\u00eancia extra para ultrapassar obst\u00e1culos complicados.<\/p>\n<p>As suspens\u00f5es foram prolongadas e refor\u00e7adas, e o sistema de controlo da press\u00e3o dos pneus permite ajustamentos em movimento para adaptar-se rapidamente ao tipo de terreno.<\/p>\n<p>Conforto e autonomia para viver na natureza<\/p>\n<p>Ao contr\u00e1rio de muitas constru\u00e7\u00f5es extremas focadas apenas na capacidade off-road, o TenereX integra um m\u00f3dulo de vida desenhado para permanecer no meio da natureza durante longos per\u00edodos.<\/p>\n<p>O interior, configurado de f\u00e1brica, inclui uma cama dupla, dinete, cozinha equipada e casa de banho h\u00famida.<\/p>\n<p>O objetivo \u00e9 oferecer um espa\u00e7o funcional para dois ou mais ocupantes que n\u00e3o abdique de conforto, mesmo em ambientes hostis.<\/p>\n<p>O ve\u00edculo pode ser complementado com <strong>sistemas off-grid como geradores, pain\u00e9is solares, baterias de grande capacidade<\/strong> e tanques de \u00e1gua melhorados, refor\u00e7ando a capacidade de independ\u00eancia total.<\/p>\n<p>A utiliza\u00e7\u00e3o de materiais como pl\u00e1sticos refor\u00e7ados com fibra e alum\u00ednio mant\u00e9m o peso sob controlo, sem comprometer a resist\u00eancia.<\/p>\n<p><a target=\"_blank\" href=\"https:\/\/pplware.sapo.pt\/wp-content\/uploads\/2026\/01\/mercedes_unimog15.webp\" rel=\"nofollow noopener\"><img loading=\"lazy\" decoding=\"async\" src=\"https:\/\/www.europesays.com\/pt\/wp-content\/uploads\/2026\/01\/mercedes_unimog15-720x405.webp.webp\" alt=\"\" width=\"720\" height=\"405\" class=\"aligncenter size-medium wp-image-1097725\"  \/><\/a><\/p>\n<p>Considera\u00e7\u00f5es finais e mercado<\/p>\n<p>O TenereX representa o pin\u00e1culo de um Unimog adaptado ao estilo de vida overlander de luxo, oferecendo capacidades off-road brutais com uma casa m\u00f3vel integrada.<\/p>\n<p>Os pre\u00e7os deste gigante, <strong>produzido na Alemanha<\/strong>, podem ultrapassar os <strong>200.000 euros<\/strong>, dependendo das op\u00e7\u00f5es escolhidas.<\/p>\n<p>Este projeto mostra como a engenharia tradicional de utilit\u00e1rios pesados pode ser reinterpretada para servir um nicho exigente de entusiastas que procuram autonomia, conforto e capacidade em igual medida.<\/p>\n","protected":false},"excerpt":{"rendered":"A Mercedes-Benz, atrav\u00e9s da sua divis\u00e3o Special Trucks, em conjunto com a preparadora alem\u00e3 Hellgeth Engineering, est\u00e1 a&hellip;\n","protected":false},"author":2,"featured_media":225693,"comment_status":"","ping_status":"","sticky":false,"template":"","format":"standard","meta":{"footnotes":""},"categories":[83],"tags":[88,89,90,6256,32,33,43432,43433],"class_list":{"0":"post-225692","1":"post","2":"type-post","3":"status-publish","4":"format-standard","5":"has-post-thumbnail","7":"category-empresas","8":"tag-business","9":"tag-economy","10":"tag-empresas","11":"tag-mercedes-benz","12":"tag-portugal","13":"tag-pt","14":"tag-tenerex","15":"tag-unimog"},"share_on_mastodon":{"url":"https:\/\/pubeurope.com\/@pt\/115880708262645750","error":""},"_links":{"self":[{"href":"https:\/\/www.europesays.com\/pt\/wp-json\/wp\/v2\/posts\/225692","targetHints":{"allow":["GET"]}}],"collection":[{"href":"https:\/\/www.europesays.com\/pt\/wp-json\/wp\/v2\/posts"}],"about":[{"href":"https:\/\/www.europesays.com\/pt\/wp-json\/wp\/v2\/types\/post"}],"author":[{"embeddable":true,"href":"https:\/\/www.europesays.com\/pt\/wp-json\/wp\/v2\/users\/2"}],"replies":[{"embeddable":true,"href":"https:\/\/www.europesays.com\/pt\/wp-json\/wp\/v2\/comments?post=225692"}],"version-history":[{"count":0,"href":"https:\/\/www.europesays.com\/pt\/wp-json\/wp\/v2\/posts\/225692\/revisions"}],"wp:featuredmedia":[{"embeddable":true,"href":"https:\/\/www.europesays.com\/pt\/wp-json\/wp\/v2\/media\/225693"}],"wp:attachment":[{"href":"https:\/\/www.europesays.com\/pt\/wp-json\/wp\/v2\/media?parent=225692"}],"wp:term":[{"taxonomy":"category","embeddable":true,"href":"https:\/\/www.europesays.com\/pt\/wp-json\/wp\/v2\/categories?post=225692"},{"taxonomy":"post_tag","embeddable":true,"href":"https:\/\/www.europesays.com\/pt\/wp-json\/wp\/v2\/tags?post=225692"}],"curies":[{"name":"wp","href":"https:\/\/api.w.org\/{rel}","templated":true}]}}