{"id":225724,"date":"2026-01-12T07:28:17","date_gmt":"2026-01-12T07:28:17","guid":{"rendered":"https:\/\/www.europesays.com\/pt\/225724\/"},"modified":"2026-01-12T07:28:17","modified_gmt":"2026-01-12T07:28:17","slug":"globo-de-ouro-2026-veja-os-looks-dos-famosos-no-tapete-vermelho","status":"publish","type":"post","link":"https:\/\/www.europesays.com\/pt\/225724\/","title":{"rendered":"Globo de Ouro 2026: veja os looks dos famosos no tapete vermelho"},"content":{"rendered":"<p class=\"my-5 break-words group-[.isActiveSource]:text-xl\">A 83\u00aa edi\u00e7\u00e3o do <strong class=\"group-[.isActiveSource]:text-xl group-[.isActiveSource]:font-bold\">Globo de Ouro<\/strong> acontece neste domingo (11) e as celebridades j\u00e1 est\u00e3o marcando presen\u00e7a no tapete vermelho. A premia\u00e7\u00e3o, considerada uma das mais importantes de Hollywood e um term\u00f4metro para o Oscar, acontece em Beverly Hills, na Calif\u00f3rnia.<\/p>\n<p class=\"my-5 break-words group-[.isActiveSource]:text-xl\">O Brasil estar\u00e1 representado na premia\u00e7\u00e3o pelo ator <a href=\"https:\/\/www.cnnbrasil.com.br\/entretenimento\/globo-de-ouro-vitoria-de-wagner-moura-pode-influenciar-no-oscar\/\" target=\"_blank\" rel=\"noopener noreferrer nofollow\" class=\"text-red-600 underline hover:text-red-500 font-medium break-words group-[.isActiveSource]:text-xl\"><strong class=\"group-[.isActiveSource]:text-xl group-[.isActiveSource]:font-bold\">Wagner Moura<\/strong><\/a>, que concorre na categoria <strong class=\"group-[.isActiveSource]:text-xl group-[.isActiveSource]:font-bold\">Melhor Ator em Filme de Drama<\/strong>, sendo o primeiro brasileiro a ser indicado para o pr\u00eamio. O astro \u00e9 protagonista do filme &#8220;<strong class=\"group-[.isActiveSource]:text-xl group-[.isActiveSource]:font-bold\">O Agente Secreto<\/strong>&#8220;, dirigido por Kleber Mendon\u00e7a Filho, que tamb\u00e9m concorre \u00e0s categorias <strong class=\"group-[.isActiveSource]:text-xl group-[.isActiveSource]:font-bold\">Melhor Filme de Drama<\/strong> &#8212; outro feito in\u00e9dito para o Brasil &#8212; e <strong class=\"group-[.isActiveSource]:text-xl group-[.isActiveSource]:font-bold\">Melhor Filme de L\u00edngua N\u00e3o-Inglesa<\/strong>.<\/p>\n<p class=\"my-5 break-words group-[.isActiveSource]:text-xl\">Al\u00e9m de Moura, o Globo de Ouro deve contar com a presen\u00e7a de celebridades como Leonardo DiCaprio, Julia Roberts, Adam Sandler, George Clooney, Emma Stone e Timothee Chamalet.<\/p>\n<p class=\"my-5 break-words group-[.isActiveSource]:text-xl\">Veja, na galeria acima, os looks usados pelos famosos no tapete vermelho.<\/p>\n<p>Onde assistir o Globo de Ouro<\/p>\n<p class=\"my-5 break-words group-[.isActiveSource]:text-xl my-5 break-words group-[.isActiveSource]:text-xl\">Para acompanhar cada ganhador,\u00a0<a class=\"text-red-600 underline hover:text-red-500 font-medium break-words group-[.isActiveSource]:text-xl\" href=\"https:\/\/www.cnnbrasil.com.br\/entretenimento\/globo-de-ouro-onde-assistir-e-que-horas-comeca-a-premiacao\/#:~:text=A%20edi%C3%A7%C3%A3o%20do%20Globo%20de,partir%20das%2022h%20da%20noite.\" target=\"_blank\" rel=\"noopener noreferrer nofollow\">ser\u00e1 poss\u00edvel assistir \u00e0 premia\u00e7\u00e3o<\/a>\u00a0de forma in\u00e9dita na TV Globo, al\u00e9m de estar dispon\u00edvel na HBO Max e na TNT, tudo isso a partir das 22h.<\/p>\n<p class=\"my-5 break-words group-[.isActiveSource]:text-xl\">A cerim\u00f4nia ter\u00e1 Nikki Glaser como apresentadora principal, junto a ela, para apresentar as categorias, o perfil oficial do Globo de Ouro divulgou uma lista com mais de 30 nomes.<\/p>\n<p class=\"my-5 break-words group-[.isActiveSource]:text-xl my-5 break-words group-[.isActiveSource]:text-xl\">Pela primeira vez,\u00a0<a class=\"text-red-600 underline hover:text-red-500 font-medium break-words group-[.isActiveSource]:text-xl\" href=\"https:\/\/www.cnnbrasil.com.br\/entretenimento\/tributo-ao-globo-de-ouro-acontece-no-rio-de-janeiro-veja-o-que-se-sabe\/\" target=\"_blank\" rel=\"noopener noreferrer nofollow\">o Brasil receber\u00e1 em mar\u00e7o<\/a>\u00a0o\u00a0<strong class=\"group-[.isActiveSource]:text-xl group-[.isActiveSource]:font-bold group-[.isActiveSource]:text-xl group-[.isActiveSource]:font-bold\">Golden Globes Tribute Awards,\u00a0<\/strong>que premiar\u00e1 artistas e criadores brasileiros com impacto internacional.<\/p>\n<p class=\"my-5 break-words group-[.isActiveSource]:text-xl my-5 break-words group-[.isActiveSource]:text-xl\">&#8220;O Globo de Ouro tem uma longa hist\u00f3ria de reconhecimento de talentos internacionais, e o Brasil presenteou o mundo com algumas das vozes, hist\u00f3rias e vis\u00f5es art\u00edsticas mais extraordin\u00e1rias&#8221;, disse Helen Hoehne, presidente do Globo de Ouro, em nota oficial. &#8220;Estamos entusiasmados em celebrar e reconhecer esses incr\u00edveis artistas latino-americanos.&#8221;<\/p>\n","protected":false},"excerpt":{"rendered":"A 83\u00aa edi\u00e7\u00e3o do Globo de Ouro acontece neste domingo (11) e as celebridades j\u00e1 est\u00e3o marcando presen\u00e7a&hellip;\n","protected":false},"author":2,"featured_media":225725,"comment_status":"","ping_status":"","sticky":false,"template":"","format":"standard","meta":{"footnotes":""},"categories":[145],"tags":[211,210,114,115,32,33],"class_list":{"0":"post-225724","1":"post","2":"type-post","3":"status-publish","4":"format-standard","5":"has-post-thumbnail","7":"category-celebridades","8":"tag-celebridades","9":"tag-celebrities","10":"tag-entertainment","11":"tag-entretenimento","12":"tag-portugal","13":"tag-pt"},"share_on_mastodon":{"url":"https:\/\/pubeurope.com\/@pt\/115880951972497106","error":""},"_links":{"self":[{"href":"https:\/\/www.europesays.com\/pt\/wp-json\/wp\/v2\/posts\/225724","targetHints":{"allow":["GET"]}}],"collection":[{"href":"https:\/\/www.europesays.com\/pt\/wp-json\/wp\/v2\/posts"}],"about":[{"href":"https:\/\/www.europesays.com\/pt\/wp-json\/wp\/v2\/types\/post"}],"author":[{"embeddable":true,"href":"https:\/\/www.europesays.com\/pt\/wp-json\/wp\/v2\/users\/2"}],"replies":[{"embeddable":true,"href":"https:\/\/www.europesays.com\/pt\/wp-json\/wp\/v2\/comments?post=225724"}],"version-history":[{"count":0,"href":"https:\/\/www.europesays.com\/pt\/wp-json\/wp\/v2\/posts\/225724\/revisions"}],"wp:featuredmedia":[{"embeddable":true,"href":"https:\/\/www.europesays.com\/pt\/wp-json\/wp\/v2\/media\/225725"}],"wp:attachment":[{"href":"https:\/\/www.europesays.com\/pt\/wp-json\/wp\/v2\/media?parent=225724"}],"wp:term":[{"taxonomy":"category","embeddable":true,"href":"https:\/\/www.europesays.com\/pt\/wp-json\/wp\/v2\/categories?post=225724"},{"taxonomy":"post_tag","embeddable":true,"href":"https:\/\/www.europesays.com\/pt\/wp-json\/wp\/v2\/tags?post=225724"}],"curies":[{"name":"wp","href":"https:\/\/api.w.org\/{rel}","templated":true}]}}