{"id":225731,"date":"2026-01-12T07:43:06","date_gmt":"2026-01-12T07:43:06","guid":{"rendered":"https:\/\/www.europesays.com\/pt\/225731\/"},"modified":"2026-01-12T07:43:06","modified_gmt":"2026-01-12T07:43:06","slug":"globo-de-ouro-web-celebra-vitorias-de-o-agente-secreto-e-de-wagner-moura","status":"publish","type":"post","link":"https:\/\/www.europesays.com\/pt\/225731\/","title":{"rendered":"Globo de Ouro: web celebra vit\u00f3rias de &#8220;O Agente Secreto&#8221; e de Wagner Moura"},"content":{"rendered":"<p class=\"my-5 break-words group-[.isActiveSource]:text-xl\"><strong class=\"group-[.isActiveSource]:text-xl group-[.isActiveSource]:font-bold\">\u201cO Agente Secreto\u201d<\/strong> venceu o Globo de Ouro 2026 na categoria Melhor Filme de L\u00edngua N\u00e3o Inglesa e <strong class=\"group-[.isActiveSource]:text-xl group-[.isActiveSource]:font-bold\">Wagner Moura<\/strong>, estrela do filme, levou o pr\u00eamio de Melhor Ator. A cerim\u00f4nia aconteceu neste domingo (11) em Beverly Hills, na Calif\u00f3rnia, nos Estados Unidos.<\/p>\n<p class=\"my-5 break-words group-[.isActiveSource]:text-xl\">Na web, internautas celebraram <strong class=\"group-[.isActiveSource]:text-xl group-[.isActiveSource]:font-bold\">as vit\u00f3rias do filme dirigido por Kleber Mendon\u00e7a Filho<\/strong>. Uma pessoa brincou que deseja tatuar o momento em que o longa <a href=\"https:\/\/www.cnnbrasil.com.br\/entretenimento\/globo-de-ouro-o-agente-secreto-ganha-melhor-filme-de-lingua-nao-inglesa\/\" target=\"_blank\" rel=\"noopener noreferrer nofollow\" class=\"text-red-600 underline hover:text-red-500 font-medium break-words group-[.isActiveSource]:text-xl\">ganhou como Melhor Filme de L\u00edngua N\u00e3o-Inglesa<\/a>. Outra comentou sobre o orgulho da produ\u00e7\u00e3o brasileira.<\/p>\n<p>Veja as rea\u00e7\u00f5es nas redes sociais:<\/p>\n<blockquote class=\"twitter-tweet !mx-auto\">\n<p dir=\"ltr\" lang=\"pt\" class=\"my-5 break-words group-[.isActiveSource]:text-xl\">\u00c9 DO BRASIL!! O nosso filme \u201cO Agente Secreto\u201d, GANHOU na categoria de MELHOR filme estrangeiro! Wagner Moura, voc\u00ea \u00e9 GIGANTE!! NOSSO ORGULHO! <a href=\"https:\/\/twitter.com\/hashtag\/GloboDeOuroNaGlobo?src=hash&amp;ref_src=twsrc%5Etfw\" class=\"text-red-600 underline hover:text-red-500 font-medium break-words group-[.isActiveSource]:text-xl\" target=\"_blank\" rel=\"noopener noreferrer nofollow\">#GloboDeOuroNaGlobo<\/a> <a href=\"https:\/\/t.co\/v9efv2DVfC\" class=\"text-red-600 underline hover:text-red-500 font-medium break-words group-[.isActiveSource]:text-xl\" target=\"_blank\" rel=\"noopener noreferrer nofollow\">pic.twitter.com\/v9efv2DVfC<\/a><\/p>\n<p class=\"my-5 break-words group-[.isActiveSource]:text-xl\">\u2014 Leonardo Ottonelli (@OttonelliLeo) <a href=\"https:\/\/twitter.com\/OttonelliLeo\/status\/2010549425177780676?ref_src=twsrc%5Etfw\" class=\"text-red-600 underline hover:text-red-500 font-medium break-words group-[.isActiveSource]:text-xl\" target=\"_blank\" rel=\"noopener noreferrer nofollow\">January 12, 2026<\/a><\/p>\n<\/blockquote>\n<blockquote class=\"twitter-tweet !mx-auto\">\n<p dir=\"ltr\" lang=\"pt\" class=\"my-5 break-words group-[.isActiveSource]:text-xl\">O AGENTE SECRETO MELHOR FILME INTERNACIONAL<br \/>WAGNER MOURA MELHOR ATOR EM DRAMA <a href=\"https:\/\/t.co\/6LHQZeawqq\" class=\"text-red-600 underline hover:text-red-500 font-medium break-words group-[.isActiveSource]:text-xl\" target=\"_blank\" rel=\"noopener noreferrer nofollow\">pic.twitter.com\/6LHQZeawqq<\/a><\/p>\n<p class=\"my-5 break-words group-[.isActiveSource]:text-xl\">\u2014 \u0618\u2b50 (@esnyorrk) <a href=\"https:\/\/twitter.com\/esnyorrk\/status\/2010563632967336195?ref_src=twsrc%5Etfw\" class=\"text-red-600 underline hover:text-red-500 font-medium break-words group-[.isActiveSource]:text-xl\" target=\"_blank\" rel=\"noopener noreferrer nofollow\">January 12, 2026<\/a><\/p>\n<\/blockquote>\n<blockquote class=\"twitter-tweet !mx-auto\">\n<p dir=\"ltr\" lang=\"pt\" class=\"my-5 break-words group-[.isActiveSource]:text-xl\">&#8211; quero tatuar isso daqui<br \/>&#8211; mas isso \u00e9 um v\u00eddeo de o agente secreto ganhando o globo de ouro de melhor filme em l\u00edngua n\u00e3o-inglesa<br \/>&#8211; sim e fa\u00e7a colorido por favor!! <a href=\"https:\/\/t.co\/o8m82j8UUv\" class=\"text-red-600 underline hover:text-red-500 font-medium break-words group-[.isActiveSource]:text-xl\" target=\"_blank\" rel=\"noopener noreferrer nofollow\">pic.twitter.com\/o8m82j8UUv<\/a><\/p>\n<p class=\"my-5 break-words group-[.isActiveSource]:text-xl\">\u2014 \u0618 \ud83e\ude78 (@celistjmes) <a href=\"https:\/\/twitter.com\/celistjmes\/status\/2010551291848667641?ref_src=twsrc%5Etfw\" class=\"text-red-600 underline hover:text-red-500 font-medium break-words group-[.isActiveSource]:text-xl\" target=\"_blank\" rel=\"noopener noreferrer nofollow\">January 12, 2026<\/a><\/p>\n<\/blockquote>\n<blockquote class=\"twitter-tweet !mx-auto\">\n<p dir=\"ltr\" lang=\"pt\" class=\"my-5 break-words group-[.isActiveSource]:text-xl\">O AGENTE SECRETO GANHOU O PR\u00caMIO DE MELHOR FILME INTERNACIONAL, \u00c9 DO BRASIL PORRA!!!! <a href=\"https:\/\/twitter.com\/hashtag\/GoldenGlobes2026?src=hash&amp;ref_src=twsrc%5Etfw\" class=\"text-red-600 underline hover:text-red-500 font-medium break-words group-[.isActiveSource]:text-xl\" target=\"_blank\" rel=\"noopener noreferrer nofollow\">#GoldenGlobes2026<\/a>\u202f\u202f\u202f<a href=\"https:\/\/t.co\/GEtlgoiDOy\" class=\"text-red-600 underline hover:text-red-500 font-medium break-words group-[.isActiveSource]:text-xl\" target=\"_blank\" rel=\"noopener noreferrer nofollow\">pic.twitter.com\/GEtlgoiDOy<\/a><\/p>\n<p class=\"my-5 break-words group-[.isActiveSource]:text-xl\">\u2014 mila\u02e2\u1d56\u1da0\u1d9c \ud83c\udf88 (@hlewis44_) <a href=\"https:\/\/twitter.com\/hlewis44_\/status\/2010550008190325094?ref_src=twsrc%5Etfw\" class=\"text-red-600 underline hover:text-red-500 font-medium break-words group-[.isActiveSource]:text-xl\" target=\"_blank\" rel=\"noopener noreferrer nofollow\">January 12, 2026<\/a><\/p>\n<\/blockquote>\n<blockquote class=\"twitter-tweet !mx-auto\">\n<p dir=\"ltr\" lang=\"pt\" class=\"my-5 break-words group-[.isActiveSource]:text-xl\">inacredit\u00e1vel wagner moura levando o globo de ouro de melhor ator depois de o agente secreto levar o globo de ouro de melhor filme estrangeiro inacredit\u00e1vel inacredit\u00e1vel dois globos de ouro na mesma noite inacredit\u00e1vel<a href=\"https:\/\/t.co\/AZByrteB6h\" class=\"text-red-600 underline hover:text-red-500 font-medium break-words group-[.isActiveSource]:text-xl\" target=\"_blank\" rel=\"noopener noreferrer nofollow\">pic.twitter.com\/AZByrteB6h<\/a><\/p>\n<p class=\"my-5 break-words group-[.isActiveSource]:text-xl\">\u2014 j\u0336 \u0336u\u0336 \u0336l\u0336 \u0336i\u0336 \u0336a\u0336 = (@jotauelleia) <a href=\"https:\/\/twitter.com\/jotauelleia\/status\/2010563932641972418?ref_src=twsrc%5Etfw\" class=\"text-red-600 underline hover:text-red-500 font-medium break-words group-[.isActiveSource]:text-xl\" target=\"_blank\" rel=\"noopener noreferrer nofollow\">January 12, 2026<\/a><\/p>\n<\/blockquote>\n<blockquote class=\"twitter-tweet !mx-auto\">\n<p dir=\"ltr\" lang=\"pt\" class=\"my-5 break-words group-[.isActiveSource]:text-xl\">MELHOR FILME ESTRANGEIRO NO GLOBO DE OURO<\/p>\n<p class=\"my-5 break-words group-[.isActiveSource]:text-xl\">O AGENTE SECRETO CONSEGUIU<\/p>\n<p class=\"my-5 break-words group-[.isActiveSource]:text-xl\">ISSO \u00c9 BRASIL<\/p>\n<p class=\"my-5 break-words group-[.isActiveSource]:text-xl\">\ud83c\udde7\ud83c\uddf7\ud83c\udde7\ud83c\uddf7\ud83c\udde7\ud83c\uddf7\ud83c\udde7\ud83c\uddf7 <a href=\"https:\/\/t.co\/bh9w9FsUV4\" class=\"text-red-600 underline hover:text-red-500 font-medium break-words group-[.isActiveSource]:text-xl\" target=\"_blank\" rel=\"noopener noreferrer nofollow\">pic.twitter.com\/bh9w9FsUV4<\/a><\/p>\n<p class=\"my-5 break-words group-[.isActiveSource]:text-xl\">\u2014 NBA da bad (@NBAdabad) <a href=\"https:\/\/twitter.com\/NBAdabad\/status\/2010549609899147469?ref_src=twsrc%5Etfw\" class=\"text-red-600 underline hover:text-red-500 font-medium break-words group-[.isActiveSource]:text-xl\" target=\"_blank\" rel=\"noopener noreferrer nofollow\">January 12, 2026<\/a><\/p>\n<\/blockquote>\n<blockquote class=\"twitter-tweet !mx-auto\">\n<p dir=\"ltr\" lang=\"pt\" class=\"my-5 break-words group-[.isActiveSource]:text-xl\">O Brasil hoje meia noite de um domingo vendo que O agente secreto ganhou o globo de ouro: <a href=\"https:\/\/t.co\/6xB875XZg4\" class=\"text-red-600 underline hover:text-red-500 font-medium break-words group-[.isActiveSource]:text-xl\" target=\"_blank\" rel=\"noopener noreferrer nofollow\">pic.twitter.com\/6xB875XZg4<\/a><\/p>\n<p class=\"my-5 break-words group-[.isActiveSource]:text-xl\">\u2014 gio (@rivereale) <a href=\"https:\/\/twitter.com\/rivereale\/status\/2010550836028448879?ref_src=twsrc%5Etfw\" class=\"text-red-600 underline hover:text-red-500 font-medium break-words group-[.isActiveSource]:text-xl\" target=\"_blank\" rel=\"noopener noreferrer nofollow\">January 12, 2026<\/a><\/p>\n<\/blockquote>\n<p class=\"my-5 break-words group-[.isActiveSource]:text-xl\">O Globo de Ouro \u00e9 considerado um <a href=\"https:\/\/www.cnnbrasil.com.br\/entretenimento\/globo-de-ouro-pode-ser-decisivo-para-levar-o-agente-secreto-ao-oscar\/\" target=\"_blank\" rel=\"noopener noreferrer nofollow\" class=\"text-red-600 underline hover:text-red-500 font-medium break-words group-[.isActiveSource]:text-xl\">&#8220;term\u00f4metro&#8221; para o Oscar<\/a>. O filme brasileiro est\u00e1 cotado para as principais categorias da maior premia\u00e7\u00e3o do cinema.<\/p>\n<p>Sobre o que fala &#8220;O Agente Secreto&#8221;?<\/p>\n<p class=\"my-5 break-words group-[.isActiveSource]:text-xl\">Ambientado no Recife de 1977, o t\u00edtulo \u00e9 um thriller pol\u00edtico, que acompanha Marcelo, um professor que foge de um passado misterioso e volta ao Recife em busca de paz, mas logo percebe que a cidade est\u00e1 longe de ser o ref\u00fagio que procura.<\/p>\n<p class=\"my-5 break-words group-[.isActiveSource]:text-xl\">A produ\u00e7\u00e3o \u00e9 estrelada por <strong class=\"group-[.isActiveSource]:text-xl group-[.isActiveSource]:font-bold\">Wagner Moura<\/strong> (\u201cTropa de Elite\u201d), <strong class=\"group-[.isActiveSource]:text-xl group-[.isActiveSource]:font-bold\">Maria Fernanda C\u00e2ndido<\/strong> (\u201cTerra Nostra\u201d), <strong class=\"group-[.isActiveSource]:text-xl group-[.isActiveSource]:font-bold\">Gabriel Leone<\/strong> (\u201cDom\u201d), <strong class=\"group-[.isActiveSource]:text-xl group-[.isActiveSource]:font-bold\">Isab\u00e9l Zuaa<\/strong> (\u201cO N\u00f3 do Diabo\u201d),<strong class=\"group-[.isActiveSource]:text-xl group-[.isActiveSource]:font-bold\"> Alice Carvalho<\/strong> (\u201cCanga\u00e7o Novo\u201d) e mais.<\/p>\n<p><script async src=\"https:\/\/platform.twitter.com\/widgets.js\" charset=\"utf-8\"><\/script><\/p>\n","protected":false},"excerpt":{"rendered":"\u201cO Agente Secreto\u201d venceu o Globo de Ouro 2026 na categoria Melhor Filme de L\u00edngua N\u00e3o Inglesa e&hellip;\n","protected":false},"author":2,"featured_media":225732,"comment_status":"","ping_status":"","sticky":false,"template":"","format":"standard","meta":{"footnotes":""},"categories":[145],"tags":[211,210,114,115,32,33],"class_list":{"0":"post-225731","1":"post","2":"type-post","3":"status-publish","4":"format-standard","5":"has-post-thumbnail","7":"category-celebridades","8":"tag-celebridades","9":"tag-celebrities","10":"tag-entertainment","11":"tag-entretenimento","12":"tag-portugal","13":"tag-pt"},"share_on_mastodon":{"url":"https:\/\/pubeurope.com\/@pt\/115881010950836635","error":""},"_links":{"self":[{"href":"https:\/\/www.europesays.com\/pt\/wp-json\/wp\/v2\/posts\/225731","targetHints":{"allow":["GET"]}}],"collection":[{"href":"https:\/\/www.europesays.com\/pt\/wp-json\/wp\/v2\/posts"}],"about":[{"href":"https:\/\/www.europesays.com\/pt\/wp-json\/wp\/v2\/types\/post"}],"author":[{"embeddable":true,"href":"https:\/\/www.europesays.com\/pt\/wp-json\/wp\/v2\/users\/2"}],"replies":[{"embeddable":true,"href":"https:\/\/www.europesays.com\/pt\/wp-json\/wp\/v2\/comments?post=225731"}],"version-history":[{"count":0,"href":"https:\/\/www.europesays.com\/pt\/wp-json\/wp\/v2\/posts\/225731\/revisions"}],"wp:featuredmedia":[{"embeddable":true,"href":"https:\/\/www.europesays.com\/pt\/wp-json\/wp\/v2\/media\/225732"}],"wp:attachment":[{"href":"https:\/\/www.europesays.com\/pt\/wp-json\/wp\/v2\/media?parent=225731"}],"wp:term":[{"taxonomy":"category","embeddable":true,"href":"https:\/\/www.europesays.com\/pt\/wp-json\/wp\/v2\/categories?post=225731"},{"taxonomy":"post_tag","embeddable":true,"href":"https:\/\/www.europesays.com\/pt\/wp-json\/wp\/v2\/tags?post=225731"}],"curies":[{"name":"wp","href":"https:\/\/api.w.org\/{rel}","templated":true}]}}