{"id":225733,"date":"2026-01-12T07:46:28","date_gmt":"2026-01-12T07:46:28","guid":{"rendered":"https:\/\/www.europesays.com\/pt\/225733\/"},"modified":"2026-01-12T07:46:28","modified_gmt":"2026-01-12T07:46:28","slug":"audiencias-9-01-2026-quinto-canal","status":"publish","type":"post","link":"https:\/\/www.europesays.com\/pt\/225733\/","title":{"rendered":"Audi\u00eancias 9\/01\/2026 &#8211; Quinto Canal"},"content":{"rendered":"<ol>\n<li><a href=\"https:\/\/news.google.com\/rss\/articles\/CBMiZ0FVX3lxTE13TGdyVmsyaHNKemlhemVNNkV5UGVNTDRlWFdqbTRWc3pHRTE2eVktUUNjT2tVaEN2OVVUV2M4anNpOTkyTkZiLTZ0emZHMl9zU25BbFpxTlItUVQ5dzF2YkY3cXJMbVk?oc=5\" target=\"_blank\" rel=\"nofollow noopener\">Audi\u00eancias 9\/01\/2026<\/a>&nbsp;&nbsp;Quinto Canal<\/li>\n<li><a href=\"https:\/\/news.google.com\/rss\/articles\/CBMif0FVX3lxTE9FUm16dlVYNS1QR0QtdFZteW8yazZJZ0xyOFdzUWFTWnVLRVpHRnJOUE9tcUtVaHAwb2d4WDZFYXg4aElncGtTS0lHdDBhdDA4c28yem9TZlFiWGNlQXZBbW5kcjNMMXlXcjFCZi1ldEJJZVNBSThmVnZqTk5QcDg?oc=5\" target=\"_blank\" rel=\"nofollow noopener\">Audi\u00eancias: Totais de s\u00e1bado, 10-01-2026 [Live + Vosdal]<\/a>&nbsp;&nbsp;zapping-tv.com<\/li>\n<li><a href=\"https:\/\/news.google.com\/rss\/articles\/CBMioAFBVV95cUxPZVByMXlLSnRoSG9nem1xcHYtT3YyTF9vZEwyUkZ6bUN3bjN4M3htcnFkYkZERFgteUF1a1llT280ZC1RSXhORGJ2Z2hYdkdlZDF3OWs4Zzh5cGkySnN6WFVPckxlWjMwRi15TmRyWEsxOVI5RzFpc1o1aURURzE2bWdYcTNzN0JTNzlKZG1vS0MzMHZSVnV1S0hSVXlzV3hl0gGgAUFVX3lxTE9lUHIxeUtKdGhIb2d6bXFwdi1PdjJMX29kTDJSRnptQ3duM3gzeG1ycWRiRkREWC15QXVrWWVPbzRkLVFJeE5EYnZnaFh2R2VkMXc5azhnOHlwaTJKc3pYVU9yTGVaMzBGLXlOZHJYSzE5UjlHMWlzWjVpRFRHMTZtZ1hxM3M3QlM3OUpkbW9LQzMwdlJWdXVLSFJVeXNXeGU?oc=5\" target=\"_blank\" rel=\"nofollow noopener\">SIC lidera audi\u00eancias a 9 de janeiro e refor\u00e7a disputa direta com a TVI em 2026<\/a>&nbsp;&nbsp;infocul.pt<\/li>\n<li><a href=\"https:\/\/news.google.com\/rss\/articles\/CBMiqwFBVV95cUxOUEhteHJqSG5zSDVfYW5TQm1UTU5rbWRvRFFPbzFpTXAyVEVaTGpMblprQ1QyT3lERUlTN1BOZ0tBTWhiRUVQZVltUDhKeFBVcG5DR3pHTGhNTm5nb2FFVThEMmIzd0c5UXcyOGt3M3FnM08tYWlLSWE0WmxXVldveFlNQlpJN2hONlFmNS0yY1NDRHZKX2MwNlFacFNLcFF6SmxVLXU1N0wxakU?oc=5\" target=\"_blank\" rel=\"nofollow noopener\">Audi\u00eancias! Este foi o canal mais visto esta sexta-feira, 9 de janeiro<\/a>&nbsp;&nbsp;A Televis\u00e3o<\/li>\n<li><a href=\"https:\/\/news.google.com\/rss\/articles\/CBMivgFBVV95cUxONjB5enhLdlQ1bXp2WWowemRhbjVNQmdSUlllQzh3UWlYeXB0cElRMW5zQUZOYkVZbENGS1UwYTB1RHY2TXU3NG9zQWQ3S0NuYkJVS0I3cl83UEI4Z05uaHJKUU1JNjB5NUpJOE40UXA2MF9sbTVJMjN0Q3BLV25WcjlOOVdHOVVZZVhmTmlVZ1laRjlpdkhqU2xfVENuN09TSXEzaVJJMHZjXzRpSzRpUEVrZ1dhMXhLaGxTN3VR?oc=5\" target=\"_blank\" rel=\"nofollow noopener\">TVI perdeu para a concorr\u00eancia mas emitiu comunicado a congratular-se desta vit\u00f3ria<\/a>&nbsp;&nbsp;A Televis\u00e3o<\/li>\n<\/ol>\n","protected":false},"excerpt":{"rendered":"Audi\u00eancias 9\/01\/2026&nbsp;&nbsp;Quinto Canal Audi\u00eancias: Totais de s\u00e1bado, 10-01-2026 [Live + Vosdal]&nbsp;&nbsp;zapping-tv.com SIC lidera audi\u00eancias a 9 de janeiro&hellip;\n","protected":false},"author":2,"featured_media":220524,"comment_status":"","ping_status":"","sticky":false,"template":"","format":"standard","meta":{"footnotes":""},"categories":[142],"tags":[18048,805,38002,38003,38004,38005,18286,38006,38007,38008,18287,114,115,32,33,151],"class_list":{"0":"post-225733","1":"post","2":"type-post","3":"status-publish","4":"format-standard","5":"has-post-thumbnail","7":"category-tv","8":"tag-audiencia","9":"tag-audiencias","10":"tag-audiencias-de-ontem","11":"tag-audiencias-ontem","12":"tag-audiencias-rtp","13":"tag-audiencias-rtp1","14":"tag-audiencias-sic","15":"tag-audiencias-sic-audiencias-tvi","16":"tag-audiencias-sic-e-tvi","17":"tag-audiencias-tv","18":"tag-audiencias-tvi","19":"tag-entertainment","20":"tag-entretenimento","21":"tag-portugal","22":"tag-pt","23":"tag-tv"},"share_on_mastodon":{"url":"https:\/\/pubeurope.com\/@pt\/115881022737238266","error":""},"_links":{"self":[{"href":"https:\/\/www.europesays.com\/pt\/wp-json\/wp\/v2\/posts\/225733","targetHints":{"allow":["GET"]}}],"collection":[{"href":"https:\/\/www.europesays.com\/pt\/wp-json\/wp\/v2\/posts"}],"about":[{"href":"https:\/\/www.europesays.com\/pt\/wp-json\/wp\/v2\/types\/post"}],"author":[{"embeddable":true,"href":"https:\/\/www.europesays.com\/pt\/wp-json\/wp\/v2\/users\/2"}],"replies":[{"embeddable":true,"href":"https:\/\/www.europesays.com\/pt\/wp-json\/wp\/v2\/comments?post=225733"}],"version-history":[{"count":0,"href":"https:\/\/www.europesays.com\/pt\/wp-json\/wp\/v2\/posts\/225733\/revisions"}],"wp:featuredmedia":[{"embeddable":true,"href":"https:\/\/www.europesays.com\/pt\/wp-json\/wp\/v2\/media\/220524"}],"wp:attachment":[{"href":"https:\/\/www.europesays.com\/pt\/wp-json\/wp\/v2\/media?parent=225733"}],"wp:term":[{"taxonomy":"category","embeddable":true,"href":"https:\/\/www.europesays.com\/pt\/wp-json\/wp\/v2\/categories?post=225733"},{"taxonomy":"post_tag","embeddable":true,"href":"https:\/\/www.europesays.com\/pt\/wp-json\/wp\/v2\/tags?post=225733"}],"curies":[{"name":"wp","href":"https:\/\/api.w.org\/{rel}","templated":true}]}}