{"id":225738,"date":"2026-01-12T07:56:08","date_gmt":"2026-01-12T07:56:08","guid":{"rendered":"https:\/\/www.europesays.com\/pt\/225738\/"},"modified":"2026-01-12T07:56:08","modified_gmt":"2026-01-12T07:56:08","slug":"aviso-de-chuva-forte-coloca-dez-distritos-sob-aviso-amarelo-no-inicio-da-semana-meteorologia","status":"publish","type":"post","link":"https:\/\/www.europesays.com\/pt\/225738\/","title":{"rendered":"Aviso de chuva forte coloca dez distritos sob aviso amarelo no in\u00edcio da semana | Meteorologia"},"content":{"rendered":"<p>Os distritos de <strong>Viana do Castelo<\/strong> e <strong>Braga <\/strong>v\u00e3o estar na segunda-feira sob aviso amarelo devido \u00e0 previs\u00e3o de chuva &#8220;persistente e por vezes forte&#8221; e ventos fortes, situa\u00e7\u00e3o que se prolongar\u00e1 at\u00e9 ter\u00e7a-feira, alertou este domingo o IPMA.<\/p>\n<p>O aviso amarelo, o menos grave de uma escala de tr\u00eas, aplicar-se-\u00e1 a estes dois distritos do Norte de Portugal continental entre as 18h00 de segunda-feira e as 09h00 de ter\u00e7a-feira, prevendo-se &#8220;precipita\u00e7\u00e3o persistente e por vezes forte&#8221; e &#8220;vento com rajadas at\u00e9 70 km\/h [quil\u00f3metros por hora] na faixa costeira e at\u00e9 90 km\/h nas serras&#8221;, de acordo com o Instituto Portugu\u00eas do Mar e da Atmosfera (IPMA).<\/p>\n<p>Na ter\u00e7a-feira, no per\u00edodo entre as 3h00 e as 9h00, outros seis distritos do continente, designadamente <strong>Porto<\/strong>, <strong>Aveiro<\/strong>, <strong>Coimbra<\/strong>, <strong>Leiria<\/strong>, <strong>Lisboa <\/strong>e <strong>Set\u00fabal<\/strong>, estar\u00e3o tamb\u00e9m sob aviso amarelo por <a href=\"https:\/\/www.publico.pt\/2026\/01\/07\/azul\/noticia\/ha-decada-nao-chovia-tanto-portugal-2160392\" rel=\"nofollow noopener\" target=\"_blank\">chuva &#8220;por vezes forte&#8221;<\/a>, segundo os avisos meteorol\u00f3gicos.<\/p>\n<p>O IPMA emitiu tamb\u00e9m avisos amarelos para a Regi\u00e3o Aut\u00f3noma dos <strong>A\u00e7ores<\/strong>, entre hoje e segunda-feira, devido \u00e0 agita\u00e7\u00e3o mar\u00edtima e ao vento, existindo ainda um aviso laranja (o segundo mais grave) para o grupo Ocidental (Flores e Corvo) por agita\u00e7\u00e3o mar\u00edtima na segunda-feira, entre as 00h00 e as 12h00.<\/p>\n<p>A Regi\u00e3o Aut\u00f3noma da <strong>Madeira <\/strong>est\u00e1 tamb\u00e9m sob avisos amarelos, entre segunda-feira e ter\u00e7a-feira, com a previs\u00e3o de chuva &#8220;por vezes forte&#8221; e agita\u00e7\u00e3o mar\u00edtima.<\/p>\n<p>O aviso amarelo \u00e9 emitido pelo IPMA sempre que existe uma situa\u00e7\u00e3o de risco para determinadas actividades dependentes da situa\u00e7\u00e3o meteorol\u00f3gica, enquanto o aviso laranja \u00e9 emitido sempre que existe uma situa\u00e7\u00e3o meteorol\u00f3gica de risco moderado a elevado.<\/p>\n","protected":false},"excerpt":{"rendered":"Os distritos de Viana do Castelo e Braga v\u00e3o estar na segunda-feira sob aviso amarelo devido \u00e0 previs\u00e3o&hellip;\n","protected":false},"author":2,"featured_media":225739,"comment_status":"","ping_status":"","sticky":false,"template":"","format":"standard","meta":{"footnotes":""},"categories":[8],"tags":[785,27,28,2139,353,15,16,14,350,25,26,21,22,8532,606,12,13,19,20,542,32,23,24,33,17,18,29,30,31],"class_list":{"0":"post-225738","1":"post","2":"type-post","3":"status-publish","4":"format-standard","5":"has-post-thumbnail","7":"category-principais-noticias","8":"tag-azul","9":"tag-breaking-news","10":"tag-breakingnews","11":"tag-chuva","12":"tag-em-destaque","13":"tag-featured-news","14":"tag-featurednews","15":"tag-headlines","16":"tag-ipma","17":"tag-latest-news","18":"tag-latestnews","19":"tag-main-news","20":"tag-mainnews","21":"tag-mau-tempo","22":"tag-meteorologia","23":"tag-news","24":"tag-noticias","25":"tag-noticias-principais","26":"tag-noticiasprincipais","27":"tag-para-redes","28":"tag-portugal","29":"tag-principais-noticias","30":"tag-principaisnoticias","31":"tag-pt","32":"tag-top-stories","33":"tag-topstories","34":"tag-ultimas","35":"tag-ultimas-noticias","36":"tag-ultimasnoticias"},"share_on_mastodon":{"url":"https:\/\/pubeurope.com\/@pt\/115881062335849718","error":""},"_links":{"self":[{"href":"https:\/\/www.europesays.com\/pt\/wp-json\/wp\/v2\/posts\/225738","targetHints":{"allow":["GET"]}}],"collection":[{"href":"https:\/\/www.europesays.com\/pt\/wp-json\/wp\/v2\/posts"}],"about":[{"href":"https:\/\/www.europesays.com\/pt\/wp-json\/wp\/v2\/types\/post"}],"author":[{"embeddable":true,"href":"https:\/\/www.europesays.com\/pt\/wp-json\/wp\/v2\/users\/2"}],"replies":[{"embeddable":true,"href":"https:\/\/www.europesays.com\/pt\/wp-json\/wp\/v2\/comments?post=225738"}],"version-history":[{"count":0,"href":"https:\/\/www.europesays.com\/pt\/wp-json\/wp\/v2\/posts\/225738\/revisions"}],"wp:featuredmedia":[{"embeddable":true,"href":"https:\/\/www.europesays.com\/pt\/wp-json\/wp\/v2\/media\/225739"}],"wp:attachment":[{"href":"https:\/\/www.europesays.com\/pt\/wp-json\/wp\/v2\/media?parent=225738"}],"wp:term":[{"taxonomy":"category","embeddable":true,"href":"https:\/\/www.europesays.com\/pt\/wp-json\/wp\/v2\/categories?post=225738"},{"taxonomy":"post_tag","embeddable":true,"href":"https:\/\/www.europesays.com\/pt\/wp-json\/wp\/v2\/tags?post=225738"}],"curies":[{"name":"wp","href":"https:\/\/api.w.org\/{rel}","templated":true}]}}