{"id":225740,"date":"2026-01-12T07:57:30","date_gmt":"2026-01-12T07:57:30","guid":{"rendered":"https:\/\/www.europesays.com\/pt\/225740\/"},"modified":"2026-01-12T07:57:30","modified_gmt":"2026-01-12T07:57:30","slug":"atriz-de-sintonia-lanca-curso-de-atuacao-em-sp-11-01-2026-monica-bergamo","status":"publish","type":"post","link":"https:\/\/www.europesays.com\/pt\/225740\/","title":{"rendered":"Atriz de &#8216;Sintonia&#8217; lan\u00e7a curso de atua\u00e7\u00e3o em SP &#8211; 11\/01\/2026 &#8211; M\u00f4nica Bergamo"},"content":{"rendered":"<p>A atriz Bruna Mascarenhas, conhecida por seu trabalho na s\u00e9rie &#8220;Sintonia&#8221; (<a href=\"https:\/\/www1.folha.uol.com.br\/folha-topicos\/netflix\/\" rel=\"nofollow noopener\" target=\"_blank\">Netflix<\/a>), est\u00e1 lan\u00e7ando o projeto social &#8220;Do Teste ao Set&#8221;, iniciativa para oferecer forma\u00e7\u00e3o em atua\u00e7\u00e3o para jovens da <a href=\"https:\/\/www1.folha.uol.com.br\/folha-topicos\/favela\/\" rel=\"nofollow noopener\" target=\"_blank\">favela<\/a> de <a href=\"https:\/\/www1.folha.uol.com.br\/folha-topicos\/paraisopolis\/\" rel=\"nofollow noopener\" target=\"_blank\">Parais\u00f3polis<\/a>, em S\u00e3o Paulo.<\/p>\n<p>O curso ser\u00e1 realizado em parceria com o G10 Favelas e com as produtoras Cris Eifler e Manu Borges.<\/p>\n<p>&#8220;Esse projeto nasce do desejo de compartilhar conhecimento de forma concreta. N\u00e3o \u00e9 sobreromantizar trajet\u00f3rias, mas sobre abrir caminhos poss\u00edveis&#8221;, diz a atriz.<\/p>\n<p>Nessa primeira edi\u00e7\u00e3o, Bruna afirma que est\u00e1 investindo recursos pr\u00f3prios. A ideia \u00e9, em um segundo momento, conseguir patroc\u00ednio para ampliar a proposta.<\/p>\n<p>As aulas pr\u00e1ticas ocorrer\u00e3o nos dias 19, 21, 26 e 28 deste m\u00eas. Podem participar adolescentes com idades entre 14 e 17 anos. Ser\u00e3o 15 vagas.<\/p>\n<p>As inscri\u00e7\u00f5es v\u00e3o ser abertas nesta segunda (12) e poder\u00e3o ser feitas online. As redes sociais de Bruna e do G10 disponibilizar\u00e3o as informa\u00e7\u00f5es necess\u00e1rias.<\/p>\n<p>com <strong>IVAN FINOTTI (INTERINO), DIEGO ALEJANDRO, KARINA MATIAS e VICT\u00d3RIA C\u00d3COLO<\/strong> <\/p>\n<p class=\"c-context__content\">&#13;<br \/>\n    <strong>LINK PRESENTE:<\/strong> Gostou deste texto? Assinante pode liberar sete acessos gratuitos de qualquer link por dia. Basta clicar no F azul abaixo.&#13;\n  <\/p>\n","protected":false},"excerpt":{"rendered":"A atriz Bruna Mascarenhas, conhecida por seu trabalho na s\u00e9rie &#8220;Sintonia&#8221; (Netflix), est\u00e1 lan\u00e7ando o projeto social &#8220;Do&hellip;\n","protected":false},"author":2,"featured_media":225741,"comment_status":"","ping_status":"","sticky":false,"template":"","format":"standard","meta":{"footnotes":""},"categories":[145],"tags":[211,210,114,115,17716,236,43437,716,3451,43438,32,33,941,43439,940],"class_list":{"0":"post-225740","1":"post","2":"type-post","3":"status-publish","4":"format-standard","5":"has-post-thumbnail","7":"category-celebridades","8":"tag-celebridades","9":"tag-celebrities","10":"tag-entertainment","11":"tag-entretenimento","12":"tag-favela","13":"tag-folha","14":"tag-g10-favelas","15":"tag-netflix","16":"tag-ong","17":"tag-paraisopolis","18":"tag-portugal","19":"tag-pt","20":"tag-series","21":"tag-sintonia","22":"tag-streaming"},"share_on_mastodon":{"url":"https:\/\/pubeurope.com\/@pt\/115881066012579499","error":""},"_links":{"self":[{"href":"https:\/\/www.europesays.com\/pt\/wp-json\/wp\/v2\/posts\/225740","targetHints":{"allow":["GET"]}}],"collection":[{"href":"https:\/\/www.europesays.com\/pt\/wp-json\/wp\/v2\/posts"}],"about":[{"href":"https:\/\/www.europesays.com\/pt\/wp-json\/wp\/v2\/types\/post"}],"author":[{"embeddable":true,"href":"https:\/\/www.europesays.com\/pt\/wp-json\/wp\/v2\/users\/2"}],"replies":[{"embeddable":true,"href":"https:\/\/www.europesays.com\/pt\/wp-json\/wp\/v2\/comments?post=225740"}],"version-history":[{"count":0,"href":"https:\/\/www.europesays.com\/pt\/wp-json\/wp\/v2\/posts\/225740\/revisions"}],"wp:featuredmedia":[{"embeddable":true,"href":"https:\/\/www.europesays.com\/pt\/wp-json\/wp\/v2\/media\/225741"}],"wp:attachment":[{"href":"https:\/\/www.europesays.com\/pt\/wp-json\/wp\/v2\/media?parent=225740"}],"wp:term":[{"taxonomy":"category","embeddable":true,"href":"https:\/\/www.europesays.com\/pt\/wp-json\/wp\/v2\/categories?post=225740"},{"taxonomy":"post_tag","embeddable":true,"href":"https:\/\/www.europesays.com\/pt\/wp-json\/wp\/v2\/tags?post=225740"}],"curies":[{"name":"wp","href":"https:\/\/api.w.org\/{rel}","templated":true}]}}