{"id":225743,"date":"2026-01-12T08:04:07","date_gmt":"2026-01-12T08:04:07","guid":{"rendered":"https:\/\/www.europesays.com\/pt\/225743\/"},"modified":"2026-01-12T08:04:07","modified_gmt":"2026-01-12T08:04:07","slug":"novo-exame-de-sangue-por-via-de-picada-no-dedo-pode-ajudar-a-detetar-alzheimer-a-partir-de-amostra-recolhida-em-casa","status":"publish","type":"post","link":"https:\/\/www.europesays.com\/pt\/225743\/","title":{"rendered":"Novo exame de sangue por via de picada no dedo pode ajudar a detetar Alzheimer a partir de amostra recolhida em casa"},"content":{"rendered":"<p>Um novo teste sangu\u00edneo que deteta a doen\u00e7a de Alzheimer atrav\u00e9s da recolha de uma amostra de sangue por via de uma picada no dedo pode diagnosticar a doen\u00e7a em fases precoces, <strong>muito antes de os sintomas se tornarem graves,<\/strong> segundo um novo estudo realizado a n\u00edvel europeu.<\/p>\n<p>O novo m\u00e9todo, que ainda n\u00e3o est\u00e1 dispon\u00edvel para uso cl\u00ednico, poder\u00e1 eventualmente permitir que as pessoas recolham amostras em casa e as enviem para o laborat\u00f3rio, aumentando a acessibilidade e eliminando os obst\u00e1culos \u00e0 realiza\u00e7\u00e3o de testes referentes \u00e0 <strong>forma mais comum de dem\u00eancia.<\/strong><\/p>\n<p>O estudo, liderado pelo instituto norte-americano Banner Health e pela Universidade de Exeter, testou 337 pacientes em sete centros de estudo europeus na Dinamarca, It\u00e1lia, Espanha, Su\u00e9cia e Reino Unido.<\/p>\n<p>A coorte inclu\u00eda <strong>pessoas sem d\u00e9fice cognitivo ou com d\u00e9fice cognitivo ligeiro,<\/strong> pessoas com dem\u00eancia e adultos com s\u00edndrome de Down, que t\u00eam um risco gen\u00e9tico elevado de desenvolver a doen\u00e7a.<\/p>\n<p>Os investigadores recolheram algumas gotas de sangue das pontas dos dedos dos participantes, que foram secas num cart\u00e3o especial, e compararam-nas com os resultados de an\u00e1lises sangu\u00edneas padr\u00e3o e de an\u00e1lises do l\u00edquido cefalorraquidiano.<\/p>\n<p>Os resultados, publicados na revista<a href=\"https:\/\/www.nature.com\/articles\/s41591-025-04080-0\" target=\"_blank\" rel=\"noreferrer nofollow noopener\"><strong>Nature Medicine<\/strong><\/a>, mostraram que os principais marcadores utilizados para diagnosticar a doen\u00e7a no teste de picada do dedo correspondiam estreitamente aos testes convencionais e que o novo m\u00e9todo era capaz de identificar altera\u00e7\u00f5es relacionadas com a doen\u00e7a com uma <strong>precis\u00e3o de 86%.<\/strong><\/p>\n<p>A equipa centrou-se em tr\u00eas biomarcadores sangu\u00edneos ligados \u00e0 doen\u00e7a de Alzheimer: p-tau217, uma prote\u00edna utilizada como principal marcador para o diagn\u00f3stico da doen\u00e7a, GFAP, um marcador de inflama\u00e7\u00e3o cerebral, e NfL, que reflecte danos nas c\u00e9lulas nervosas.<\/p>\n<p>&#8220;Este <strong>avan\u00e7o pode mudar fundamentalmente a forma como conduzimos a investiga\u00e7\u00e3o<\/strong> sobre a doen\u00e7a de Alzheimer, provando que os mesmos biomarcadores que os m\u00e9dicos utilizam para detetar a patologia da doen\u00e7a de Alzheimer podem ser medidos a partir de uma simples picada no dedo recolhida em casa ou em ambientes comunit\u00e1rios mais remotos&#8221;, afirmou Nicholas Ashton, diretor s\u00e9nior do Programa de Biomarcadores de Fluidos da Banner e investigador principal do estudo.<\/p>\n<p>Acrescentou que, <strong>embora a utiliza\u00e7\u00e3o cl\u00ednica ainda esteja a anos de dist\u00e2ncia,<\/strong> o trabalho abre caminho a investiga\u00e7\u00f5es que antes eram imposs\u00edveis, permitindo aos cientistas estudar popula\u00e7\u00f5es diversas e sub-representadas e realizar rastreios em grande escala.<\/p>\n<p>A doen\u00e7a de <strong>Alzheimer afeta atualmente cerca de sete milh\u00f5es de pessoas na Europa,<\/strong> prevendo-se que os casos dupliquem at\u00e9 2030, segundo o European Brain Council.<\/p>\n<p>Os m\u00e9todos de diagn\u00f3stico mais populares incluem exames ao c\u00e9rebro ou testes ao l\u00edquido cefalorraquidiano, que s\u00e3o <strong>mais invasivos, caros e s\u00f3 est\u00e3o dispon\u00edveis em centros especializados,<\/strong> explicaram os investigadores.<\/p>\n<p>&#8220;Estamos a caminhar para um futuro em que qualquer pessoa, em qualquer lugar, pode contribuir para o avan\u00e7o da nossa compreens\u00e3o das doen\u00e7as cerebrais. N\u00e3o se trata apenas de um avan\u00e7o t\u00e9cnico &#8211; \u00e9 uma <strong>mudan\u00e7a de paradigma<\/strong> na forma como conduzimos a investiga\u00e7\u00e3o em neuroci\u00eancia&#8221;, afirmou Anne Corbett, professora de investiga\u00e7\u00e3o em dem\u00eancia na Universidade de Exeter e uma das autoras do estudo. <\/p>\n","protected":false},"excerpt":{"rendered":"Um novo teste sangu\u00edneo que deteta a doen\u00e7a de Alzheimer atrav\u00e9s da recolha de uma amostra de sangue&hellip;\n","protected":false},"author":2,"featured_media":225744,"comment_status":"","ping_status":"","sticky":false,"template":"","format":"standard","meta":{"footnotes":""},"categories":[86],"tags":[445,116,118,6706,32,33,117],"class_list":{"0":"post-225743","1":"post","2":"type-post","3":"status-publish","4":"format-standard","5":"has-post-thumbnail","7":"category-saude","8":"tag-europa","9":"tag-health","10":"tag-mal-de-alzheimer","11":"tag-pesquisa-medica","12":"tag-portugal","13":"tag-pt","14":"tag-saude"},"share_on_mastodon":{"url":"https:\/\/pubeurope.com\/@pt\/115881093759471485","error":""},"_links":{"self":[{"href":"https:\/\/www.europesays.com\/pt\/wp-json\/wp\/v2\/posts\/225743","targetHints":{"allow":["GET"]}}],"collection":[{"href":"https:\/\/www.europesays.com\/pt\/wp-json\/wp\/v2\/posts"}],"about":[{"href":"https:\/\/www.europesays.com\/pt\/wp-json\/wp\/v2\/types\/post"}],"author":[{"embeddable":true,"href":"https:\/\/www.europesays.com\/pt\/wp-json\/wp\/v2\/users\/2"}],"replies":[{"embeddable":true,"href":"https:\/\/www.europesays.com\/pt\/wp-json\/wp\/v2\/comments?post=225743"}],"version-history":[{"count":0,"href":"https:\/\/www.europesays.com\/pt\/wp-json\/wp\/v2\/posts\/225743\/revisions"}],"wp:featuredmedia":[{"embeddable":true,"href":"https:\/\/www.europesays.com\/pt\/wp-json\/wp\/v2\/media\/225744"}],"wp:attachment":[{"href":"https:\/\/www.europesays.com\/pt\/wp-json\/wp\/v2\/media?parent=225743"}],"wp:term":[{"taxonomy":"category","embeddable":true,"href":"https:\/\/www.europesays.com\/pt\/wp-json\/wp\/v2\/categories?post=225743"},{"taxonomy":"post_tag","embeddable":true,"href":"https:\/\/www.europesays.com\/pt\/wp-json\/wp\/v2\/tags?post=225743"}],"curies":[{"name":"wp","href":"https:\/\/api.w.org\/{rel}","templated":true}]}}