{"id":225745,"date":"2026-01-12T08:05:10","date_gmt":"2026-01-12T08:05:10","guid":{"rendered":"https:\/\/www.europesays.com\/pt\/225745\/"},"modified":"2026-01-12T08:05:10","modified_gmt":"2026-01-12T08:05:10","slug":"nao-nos-faz-menos-maes-por-causa-disso-dias-apos-ser-mae-ana-soares-desabafa-sobre-importante-escolha","status":"publish","type":"post","link":"https:\/\/www.europesays.com\/pt\/225745\/","title":{"rendered":"&#8220;N\u00e3o nos faz menos m\u00e3es por causa disso!&#8221;: dias ap\u00f3s ser m\u00e3e, Ana Soares desabafa sobre importante escolha!"},"content":{"rendered":"<p>Foi no final do passado m\u00eas de dezembro que <a href=\"https:\/\/selfie.iol.pt\/famosos\/secret-story-casa-dos-segredos-8\/ja-nasceu-a-filha-de-ana-soares-e-ruben-silvestre-a-razao-de-tudo-chegou\/20261231\/6955b048d34e3caad84cfaa9\" target=\"_blank\" rel=\"nofollow noopener\">Ana Soares<\/a> e <a href=\"https:\/\/selfie.iol.pt\/famosos\/ruben-silvestre\/ruben-silvestre-chora-copiosamente-ao-falar-sobre-maycon-douglas-vais-existir-em-mim-para-sempre\/20260109\/6960d843d34e92a344972dd3\" target=\"_blank\" rel=\"nofollow noopener\">Ruben Silvestre<\/a> deram as boas-vindas \u00e0 filha, Ana Clara.<\/p>\n<p>Desde ent\u00e3o, ambos t\u00eam partilhado, no Instagram, como t\u00eam sido estes primeiros dias com o novo membro da fam\u00edlia. E a ex-concorrente do &#8220;<a href=\"https:\/\/tvi.iol.pt\/bigbrother\/\" target=\"_blank\" rel=\"nofollow noopener\">Big Brother<\/a> 2021&#8243; aproveitou para deixar um desabafo sobre o processo de amamentar.<\/p>\n<p>&#8220;Amamenta\u00e7\u00e3o n\u00e3o \u00e9 s\u00f3 amor. \u00c9 pega correta, noites em claro, d\u00favidas e supera\u00e7\u00e3o&#8221;, come\u00e7ou por sublinhar, antes de reconhecer: &#8220;Normalizar os desafios tamb\u00e9m \u00e9 cuidar. Pedir ajuda \u00e9 normal e n\u00e3o nos faz menos m\u00e3es por causa disso! Ter ao nosso lado as pessoas certas faz com que todas as dificuldades sejam mais f\u00e1ceis de suportar e superar.&#8221;<\/p>\n<p>De seguida, Ana Soares teceu um elogio ao companheiro, Ruben Silvestre: &#8220;Ao pai da minha filha,\u00a0 Ruben Silvestre, s\u00f3 tenho a agradecer todo o suporte e toda a compreens\u00e3o. Quando eu duvido de mim mesma, ele est\u00e1 l\u00e1 sempre para me fazer acreditar que sou capaz.&#8221;<\/p>\n<p>A rec\u00e9m-mam\u00e3 ainda contou que procurou por ajuda especializada.<\/p>\n<p>Veja, agora, o v\u00eddeo. E n\u00e3o deixe de espreitar algumas das imagens de Ana Soares nas galerias de fotografias que prepar\u00e1mos para si.<\/p>\n<blockquote class=\"instagram-media\" data-instgrm-captioned=\"\" data-instgrm-permalink=\"https:\/\/www.instagram.com\/reel\/DTN8FD-Av8p\/?utm_source=ig_embed&amp;utm_campaign=loading\" data-instgrm-version=\"14\" style=\" background:#FFF; border:0; border-radius:3px; box-shadow:0 0 1px 0 rgba(0,0,0,0.5),0 1px 10px 0 rgba(0,0,0,0.15); margin: 1px; max-width:540px; min-width:326px; padding:0; width:99.375%; width:-webkit-calc(100% - 2px); width:calc(100% - 2px);\">\n<\/blockquote>\n<p>                        <script async src=\"\/\/www.instagram.com\/embed.js\"><\/script><\/p>\n","protected":false},"excerpt":{"rendered":"Foi no final do passado m\u00eas de dezembro que Ana Soares e Ruben Silvestre deram as boas-vindas \u00e0&hellip;\n","protected":false},"author":2,"featured_media":33639,"comment_status":"","ping_status":"","sticky":false,"template":"","format":"standard","meta":{"footnotes":""},"categories":[85],"tags":[10715,48,2632,114,115,980,1015,619,32,33,1014,10714,1315,1012,162],"class_list":{"0":"post-225745","1":"post","2":"type-post","3":"status-publish","4":"format-standard","5":"has-post-thumbnail","7":"category-entretenimento","8":"tag-ana-soares","9":"tag-big-brother","10":"tag-casa-dos-segredos","11":"tag-entertainment","12":"tag-entretenimento","13":"tag-famosos","14":"tag-instagram","15":"tag-nacional","16":"tag-portugal","17":"tag-pt","18":"tag-reality-show","19":"tag-ruben-silvestre","20":"tag-secret-story","21":"tag-selfie","22":"tag-tvi"},"share_on_mastodon":{"url":"https:\/\/pubeurope.com\/@pt\/115881097440341654","error":""},"_links":{"self":[{"href":"https:\/\/www.europesays.com\/pt\/wp-json\/wp\/v2\/posts\/225745","targetHints":{"allow":["GET"]}}],"collection":[{"href":"https:\/\/www.europesays.com\/pt\/wp-json\/wp\/v2\/posts"}],"about":[{"href":"https:\/\/www.europesays.com\/pt\/wp-json\/wp\/v2\/types\/post"}],"author":[{"embeddable":true,"href":"https:\/\/www.europesays.com\/pt\/wp-json\/wp\/v2\/users\/2"}],"replies":[{"embeddable":true,"href":"https:\/\/www.europesays.com\/pt\/wp-json\/wp\/v2\/comments?post=225745"}],"version-history":[{"count":0,"href":"https:\/\/www.europesays.com\/pt\/wp-json\/wp\/v2\/posts\/225745\/revisions"}],"wp:featuredmedia":[{"embeddable":true,"href":"https:\/\/www.europesays.com\/pt\/wp-json\/wp\/v2\/media\/33639"}],"wp:attachment":[{"href":"https:\/\/www.europesays.com\/pt\/wp-json\/wp\/v2\/media?parent=225745"}],"wp:term":[{"taxonomy":"category","embeddable":true,"href":"https:\/\/www.europesays.com\/pt\/wp-json\/wp\/v2\/categories?post=225745"},{"taxonomy":"post_tag","embeddable":true,"href":"https:\/\/www.europesays.com\/pt\/wp-json\/wp\/v2\/tags?post=225745"}],"curies":[{"name":"wp","href":"https:\/\/api.w.org\/{rel}","templated":true}]}}