{"id":225760,"date":"2026-01-12T08:25:14","date_gmt":"2026-01-12T08:25:14","guid":{"rendered":"https:\/\/www.europesays.com\/pt\/225760\/"},"modified":"2026-01-12T08:25:14","modified_gmt":"2026-01-12T08:25:14","slug":"kyra-gracie-e-malvino-salvador-comemoram-o-aniversario-do-filho-com-festao-veja-as-fotos","status":"publish","type":"post","link":"https:\/\/www.europesays.com\/pt\/225760\/","title":{"rendered":"Kyra Gracie e Malvino Salvador comemoram o anivers\u00e1rio do filho com fest\u00e3o; veja as fotos"},"content":{"rendered":"<p><strong><a href=\"https:\/\/caras.com.br\/tags\/kyra-gracie\" target=\"_blank\" rel=\"noopener nofollow\">Kyra Gracie<\/a>\u00a0<\/strong>e\u00a0<a href=\"https:\/\/caras.com.br\/tags\/malvino-salvador\" target=\"_blank\" rel=\"noopener nofollow\"><strong>Malvino Salvador<\/strong><\/a> reuniram os familiares e amigos para comemorar o anivers\u00e1rio do filho ca\u00e7ula, <strong>Rayan<\/strong>. O menino completou cinco anos na \u00faltima quinta-feira, 8.<\/p>\n<p>Para comemorar a data especial, o menino ganhou uma festa com o tema do desenho infantil \u2018Patrulha Canina\u2019, al\u00e9m disso, o espa\u00e7o que o evento aconteceu contou com brinquedos infl\u00e1veis e tamb\u00e9m radicais, onde o aniversariante se divertiu com os amiguinhos e tamb\u00e9m com as irm\u00e3s mais velhas, <strong>Ayra<\/strong>, de 11 anos, e <strong>Kyara<\/strong>, de 8.<\/p>\n<p>Em seu perfil oficial, Kyra compartilhou os registros da festa, que tamb\u00e9m contou com a presen\u00e7a de <strong>Fl\u00e1vio<\/strong> Canto e sua fam\u00edlia e tamb\u00e9m de\u00a0<strong>Maur\u00edcio Mattar<\/strong>.\u00a0\u201cDia de Festa! Celebrando o anivers\u00e1rio do Rayan com amigos queridos. Mem\u00f3rias pra VIDA \u201c, celebrou a lutadora de Jiu-Jitsu na legenda da publica\u00e7\u00e3o.<\/p>\n<p><strong>Confira as fotos:<\/strong><\/p>\n<blockquote class=\"instagram-media\" style=\"background: #FFF; border: 0; border-radius: 3px; box-shadow: 0 0 1px 0 rgba(0,0,0,0.5),0 1px 10px 0 rgba(0,0,0,0.15); margin: 1px; max-width: 540px; min-width: 326px; padding: 0; width: calc(100% - 2px);\" data-instgrm-permalink=\"https:\/\/www.instagram.com\/p\/DTYyKtoEfgJ\/?utm_source=ig_embed&amp;utm_campaign=loading\" data-instgrm-version=\"14\"><\/blockquote>\n<p>No dia que Rayan completou cinco anos, Kyra Gracie e Malvino Salvador fizeram quest\u00e3o de celebrar nas redes sociais. A lutadora de Jiu-Jitsu compartilhou v\u00e1rios <a href=\"https:\/\/caras.com.br\/datas-especiais\/mulher-de-malvino-salvador-celebra-o-aniversario-do-filho-cacula-criar-um-homem-bom.phtml\" target=\"_blank\" rel=\"noopener nofollow\">cliques do herdeiro e refletiu sobre ser m\u00e3e de um menino<\/a>.\u00a0\u201cA chegada do Rayan me ensinou que o amor n\u00e3o se divide \u2014 ele se expande. Ser m\u00e3e de um menino me trouxe um novo senso de responsabilidade com o mundo. Criar um homem bom. Que respeite as mulheres. Que tenha coragem com limites e valores s\u00f3lidos. Que entenda que sensibilidade n\u00e3o \u00e9 fraqueza \u2014 \u00e9 base. 5 anos. Feliz vida, meu filho\u201d, escreveu ela.<\/p>\n<p>O ator publicou em suas redes sociais uma sequ\u00eancia de fotos fof\u00edssimas do crescimento do menino, incluindo registros de quando ele ainda era beb\u00ea, e <a href=\"https:\/\/caras.com.br\/datas-especiais\/malvino-salvador-encanta-ao-celebrar-5-anos-do-filho-cacula-o-tempo-voa.phtml\" target=\"_blank\" rel=\"noopener nofollow\">parabenizou o herdeiro<\/a>. \u201cMeu moleque est\u00e1 fazendo anivers\u00e1rio hoje. 5 anos passaram num piscar de olhos. O tempo voa! Mas o que \u00e9 vivido junto, fica pra sempre! Feliz vida, meu filho. Te amo!\u201d, disse ele, que tamb\u00e9m \u00e9 pai de Sofia, de 16 anos, fruto de um relacionamento anterior.<\/p>\n<p><strong>Leia tamb\u00e9m:<\/strong> <a href=\"https:\/\/caras.com.br\/datas-especiais\/mariana-rios-se-declara-no-aniversario-do-noivo-amor-da-minha-vida.phtml\" target=\"_blank\" rel=\"noopener nofollow\">Mariana Rios se declara no anivers\u00e1rio do noivo: \u2018Amor da minha vida\u2019<\/a><\/p>\n<p>        <a href=\"https:\/\/caras.com.br\/autor\/daniela-santos\" rel=\"nofollow noopener\" target=\"_blank\">&#13;<br \/>\n          <img loading=\"lazy\" decoding=\"async\" alt=\"Daniela Santos\" src=\"https:\/\/www.europesays.com\/pt\/wp-content\/uploads\/2026\/01\/daniela-santos_sqmd.jpg\" class=\"avatar avatar-115 photo rounded-circle\" height=\"115\" width=\"115\"\/>        <\/a><\/p>\n<p><b>Daniela Santos<\/b> \u00e9 rep\u00f3rter do site CARAS. Formada em jornalismo pela FIAM FAAM, atua na \u00e1rea de celebridades e TV desde 2018<\/p>\n<p>\t                                            <script async src=\"\/\/www.instagram.com\/embed.js\"><\/script><\/p>\n","protected":false},"excerpt":{"rendered":"Kyra Gracie\u00a0e\u00a0Malvino Salvador reuniram os familiares e amigos para comemorar o anivers\u00e1rio do filho ca\u00e7ula, Rayan. O menino&hellip;\n","protected":false},"author":2,"featured_media":225761,"comment_status":"","ping_status":"","sticky":false,"template":"","format":"standard","meta":{"footnotes":""},"categories":[145],"tags":[211,210,114,115,9734,3435,43442,4713,32,33,29528],"class_list":{"0":"post-225760","1":"post","2":"type-post","3":"status-publish","4":"format-standard","5":"has-post-thumbnail","7":"category-celebridades","8":"tag-celebridades","9":"tag-celebrities","10":"tag-entertainment","11":"tag-entretenimento","12":"tag-festa-de-aniversario","13":"tag-filho","14":"tag-kyra-gracie","15":"tag-malvino-salvador","16":"tag-portugal","17":"tag-pt","18":"tag-rayan"},"share_on_mastodon":{"url":"https:\/\/pubeurope.com\/@pt\/115881176140961176","error":""},"_links":{"self":[{"href":"https:\/\/www.europesays.com\/pt\/wp-json\/wp\/v2\/posts\/225760","targetHints":{"allow":["GET"]}}],"collection":[{"href":"https:\/\/www.europesays.com\/pt\/wp-json\/wp\/v2\/posts"}],"about":[{"href":"https:\/\/www.europesays.com\/pt\/wp-json\/wp\/v2\/types\/post"}],"author":[{"embeddable":true,"href":"https:\/\/www.europesays.com\/pt\/wp-json\/wp\/v2\/users\/2"}],"replies":[{"embeddable":true,"href":"https:\/\/www.europesays.com\/pt\/wp-json\/wp\/v2\/comments?post=225760"}],"version-history":[{"count":0,"href":"https:\/\/www.europesays.com\/pt\/wp-json\/wp\/v2\/posts\/225760\/revisions"}],"wp:featuredmedia":[{"embeddable":true,"href":"https:\/\/www.europesays.com\/pt\/wp-json\/wp\/v2\/media\/225761"}],"wp:attachment":[{"href":"https:\/\/www.europesays.com\/pt\/wp-json\/wp\/v2\/media?parent=225760"}],"wp:term":[{"taxonomy":"category","embeddable":true,"href":"https:\/\/www.europesays.com\/pt\/wp-json\/wp\/v2\/categories?post=225760"},{"taxonomy":"post_tag","embeddable":true,"href":"https:\/\/www.europesays.com\/pt\/wp-json\/wp\/v2\/tags?post=225760"}],"curies":[{"name":"wp","href":"https:\/\/api.w.org\/{rel}","templated":true}]}}